{"id":2373,"date":"2022-02-18T09:42:52","date_gmt":"2022-02-18T14:42:52","guid":{"rendered":"https:\/\/alpar.com.co\/blog\/?p=2373"},"modified":"2022-02-18T11:24:11","modified_gmt":"2022-02-18T16:24:11","slug":"capillas-altamira-nuevo-desarrollo-de-grupo-resurreccion","status":"publish","type":"post","link":"https:\/\/alpar.com.co\/blog\/capillas-altamira-nuevo-desarrollo-de-grupo-resurreccion\/","title":{"rendered":"Capillas Altamira, nuevo desarrollo de Grupo Resurrecci\u00f3n"},"content":{"rendered":"<p style=\"text-align: justify;\">Grupo Resurrecci\u00f3n, empresa afiliada a ALPAR en El Salvador, construir\u00e1 en su pa\u00eds el primer complejo funerario, bajo un concepto Eco Urban\u00edstico, en el coraz\u00f3n de San Salvador, con el objetivo de ser un espacio donde la familia pueda reunirse y dar una despedida digna a sus seres queridos en un espacio tranquilo y seguro.<\/p>\n<p style=\"text-align: justify;\">Capillas Altamira combina espacios verdes en un dise\u00f1o moderno, creando un ambiente en el que la naturaleza armoniza con el entorno, trayendo consigo una fusi\u00f3n de tranquilidad, paz y reflexi\u00f3n.<\/p>\n<blockquote>\n<p style=\"text-align: justify;\"><em>\u201cComo Grupo Resurrecci\u00f3n estamos comprometidos con la innovaci\u00f3n y la sostenibilidad, Capillas Altamira es una muestra m\u00e1s de ese compromiso, no solo estamos construyendo una nueva funeraria, sino el primer complejo funerario del pa\u00eds, lo hacemos con mucho entusiasmo para que nuestros clientes tengan siempre un lugar con todas las comodidades, amplio y accesible para despedir a sus seres queridos\u201d,<\/em> afirma el Director Ejecutivo de Grupo Resurrecci\u00f3n, Alfonso Quir\u00f3s.<\/p>\n<\/blockquote>\n<p><img loading=\"lazy\" decoding=\"async\" class=\"size-full wp-image-2378 aligncenter\" src=\"https:\/\/alpar.com.co\/blog\/wp-content\/uploads\/IMG_5867-2.jpg\" alt=\"\" width=\"600\" height=\"400\" srcset=\"https:\/\/alpar.com.co\/blog\/wp-content\/uploads\/IMG_5867-2.jpg 600w, https:\/\/alpar.com.co\/blog\/wp-content\/uploads\/IMG_5867-2-480x320.jpg 480w\" sizes=\"(min-width: 0px) and (max-width: 480px) 480px, (min-width: 481px) 600px, 100vw\" \/><\/p>\n<p style=\"text-align: justify;\">Esta inversi\u00f3n de m\u00e1s de 3 millones de d\u00f3lares es sin duda \u00fanica en el pa\u00eds y contar\u00e1 con: cuatro capillas que incluyen salas de velaci\u00f3n dise\u00f1adas para que la luz y la brisa natural entre en el espacio, sala de recuerdo, sala infantil, habitaciones de descanso, acceso y seguridad dentro de las instalaciones.<\/p>\n<p style=\"text-align: justify;\">Este complejo funerario contar\u00e1 con los elementos necesarios para facilitar la realizaci\u00f3n de homenajes con amor a sus seres queridos, ofrecer\u00e1 a las familias la modernidad arquitect\u00f3nica que converge en armon\u00eda en sus amplias instalaciones.<\/p>\n<p style=\"text-align: justify;\">Capillas Altamira ofrece servicios previsi\u00f3n en las categor\u00edas: diamante, oro y plata, cada categor\u00eda ha sido dise\u00f1ada acorde a las necesidades de las familias, quienes desde ya pueden planificar y adquirir su plan de previsi\u00f3n.<\/p>\n<p style=\"text-align: justify;\">Entre las ventajas de los servicios se encuentran: parque memorial amplio y rodeado de naturaleza, gesti\u00f3n de todos los tr\u00e1mites legales, recuerdos y servicios de refrigerios, todo en un solo lugar con Wifi para los visitantes.<\/p>\n<p><img loading=\"lazy\" decoding=\"async\" class=\"size-full wp-image-2374 aligncenter\" src=\"https:\/\/alpar.com.co\/blog\/wp-content\/uploads\/IMG_5918-2.jpg\" alt=\"\" width=\"600\" height=\"400\" srcset=\"https:\/\/alpar.com.co\/blog\/wp-content\/uploads\/IMG_5918-2.jpg 600w, https:\/\/alpar.com.co\/blog\/wp-content\/uploads\/IMG_5918-2-480x320.jpg 480w\" sizes=\"(min-width: 0px) and (max-width: 480px) 480px, (min-width: 481px) 600px, 100vw\" \/><\/p>\n<blockquote>\n<p style=\"text-align: justify;\"><em>\u00a0\u201cNos contin\u00faa moviendo el querer estar cerca de los salvadore\u00f1os en momentos dif\u00edciles, este nuevo proyecto ser\u00e1 la punta de lanza de los servicios funerarios en El Salvador, y con el cual continuaremos brindando el servicio de calidad, cercano y personalizado que nos caracteriza como Grupo Resurrecci\u00f3n\u201d<\/em> dijo Quir\u00f3s.<\/p>\n<\/blockquote>\n<p style=\"text-align: justify;\">El complejo funerario, Capillas Altamira est\u00e1 ubicado en Prolongaci\u00f3n Blvd. Orden de Malta, km 5 1\/2 (Antigua Calle a Huiz\u00facar), San Salvador, El Salvador. 503 Antiguo Cuscatl\u00e1n, El Salvador.<\/p>\n<p style=\"text-align: justify;\">Durante 42 a\u00f1os, Grupo Resurrecci\u00f3n ha estado cerca de las familias salvadore\u00f1as, ante la p\u00e9rdida de un ser querido, abriendo puertas para amar, homenajear y guardar el recuerdo de esa persona amada.<\/p>\n<p>\u00a0 <img loading=\"lazy\" decoding=\"async\" class=\"size-full wp-image-2377 aligncenter\" src=\"https:\/\/alpar.com.co\/blog\/wp-content\/uploads\/IMG_5861-2.jpg\" alt=\"\" width=\"600\" height=\"400\" srcset=\"https:\/\/alpar.com.co\/blog\/wp-content\/uploads\/IMG_5861-2.jpg 600w, https:\/\/alpar.com.co\/blog\/wp-content\/uploads\/IMG_5861-2-480x320.jpg 480w\" sizes=\"(min-width: 0px) and (max-width: 480px) 480px, (min-width: 481px) 600px, 100vw\" \/><\/p>\n<hr \/>\n<p>Un aporte de Funerales Las Flores S.A.<br \/>\nAsociado ALPAR en El Salvador.<\/p>\n","protected":false},"excerpt":{"rendered":"<p>Grupo Resurrecci\u00f3n, empresa afiliada a ALPAR en El Salvador, construir\u00e1 en su pa\u00eds el primer complejo funerario, bajo un concepto Eco Urban\u00edstico, en el coraz\u00f3n de San Salvador, con el objetivo de ser un espacio donde la familia pueda reunirse y dar una despedida digna a sus seres queridos en un espacio tranquilo y seguro. [&hellip;]<\/p>\n","protected":false},"author":106,"featured_media":2375,"comment_status":"open","ping_status":"open","sticky":false,"template":"","format":"standard","meta":{"_et_pb_use_builder":"","_et_pb_old_content":"","_et_gb_content_width":"","footnotes":""},"categories":[3],"tags":[],"class_list":["post-2373","post","type-post","status-publish","format-standard","has-post-thumbnail","hentry","category-articulos"],"_links":{"self":[{"href":"https:\/\/alpar.com.co\/blog\/wp-json\/wp\/v2\/posts\/2373","targetHints":{"allow":["GET"]}}],"collection":[{"href":"https:\/\/alpar.com.co\/blog\/wp-json\/wp\/v2\/posts"}],"about":[{"href":"https:\/\/alpar.com.co\/blog\/wp-json\/wp\/v2\/types\/post"}],"author":[{"embeddable":true,"href":"https:\/\/alpar.com.co\/blog\/wp-json\/wp\/v2\/users\/106"}],"replies":[{"embeddable":true,"href":"https:\/\/alpar.com.co\/blog\/wp-json\/wp\/v2\/comments?post=2373"}],"version-history":[{"count":6,"href":"https:\/\/alpar.com.co\/blog\/wp-json\/wp\/v2\/posts\/2373\/revisions"}],"predecessor-version":[{"id":2385,"href":"https:\/\/alpar.com.co\/blog\/wp-json\/wp\/v2\/posts\/2373\/revisions\/2385"}],"wp:featuredmedia":[{"embeddable":true,"href":"https:\/\/alpar.com.co\/blog\/wp-json\/wp\/v2\/media\/2375"}],"wp:attachment":[{"href":"https:\/\/alpar.com.co\/blog\/wp-json\/wp\/v2\/media?parent=2373"}],"wp:term":[{"taxonomy":"category","embeddable":true,"href":"https:\/\/alpar.com.co\/blog\/wp-json\/wp\/v2\/categories?post=2373"},{"taxonomy":"post_tag","embeddable":true,"href":"https:\/\/alpar.com.co\/blog\/wp-json\/wp\/v2\/tags?post=2373"}],"curies":[{"name":"wp","href":"https:\/\/api.w.org\/{rel}","templated":true}]}}