{"id":2411,"date":"2022-03-24T09:53:52","date_gmt":"2022-03-24T14:53:52","guid":{"rendered":"https:\/\/alpar.com.co\/blog\/?p=2411"},"modified":"2022-03-25T09:50:48","modified_gmt":"2022-03-25T14:50:48","slug":"los-empleados-de-grupo-asv-inician-una-campana-de-ayuda-para-ucrania","status":"publish","type":"post","link":"https:\/\/alpar.com.co\/blog\/los-empleados-de-grupo-asv-inician-una-campana-de-ayuda-para-ucrania\/","title":{"rendered":"Los empleados de Grupo ASV inician una campa\u00f1a de ayuda para Ucrania"},"content":{"rendered":"<p>La compa\u00f1\u00eda de servicios funerarios, seguros y transporte sanitario\u00a0<em>Grupo ASV<\/em>\u00a0se suma a la ola de solidaridad mundial que se est\u00e1 produciendo para ayudar al pueblo ucraniano ante la invasi\u00f3n rusa. Para ello los\u00a0empleados\u00a0se van a volcar en una\u00a0campa\u00f1a de ayuda para Ucrania que consistir\u00e1 en la recogida de productos de primera necesidad, como comida y medicamentos, en colaboraci\u00f3n con la <em>Asociaci\u00f3n Amigos de Ucrania.<\/em><\/p>\n<p>Se van a establecer para ello varios puntos de entrega en la Comunidad Valenciana y Andaluc\u00eda. Concretamente estar\u00e1n en la ciudad de Alicante, tanto en las oficinas de Servicios Centrales de Grupo ASV como en las instalaciones de Autosport (ambulancias). Tambi\u00e9n se va a llevar a cabo esta iniciativa de ayuda a Ucrania en C\u00e1diz, Almer\u00eda y M\u00e1laga.<\/p>\n<blockquote><p><em>\u201cDesde el \u00e1rea de RSC queremos poner en valor la implicaci\u00f3n de los trabajadores de Grupo ASV. Se trata de una importante labor humanitaria en un momento muy delicado para la poblaci\u00f3n ucraniana\u201d,<\/em>\u00a0se\u00f1ala Sonia Carricondo, responsable de Comunicaci\u00f3n y RSC.<\/p><\/blockquote>\n<p>Desde la\u00a0<em>Asociaci\u00f3n Amigos de Ucrania <\/em>solicitan principalmente medicamentos y tambi\u00e9n comida que aporte energ\u00eda y que no necesite preparaci\u00f3n. Pero tambi\u00e9n otros productos como mantas t\u00e9rmicas, ropa de abrigo, m\u00f3viles usados, vendajes o ap\u00f3sitos. Todo lo que se pueda recoger por parte de Grupo ASV ser\u00e1 entregado a esta asociaci\u00f3n.<\/p>\n<hr \/>\n<p>Un aporte de Limbo Europe.<br \/>\nMiembro de ALPAR en Espa\u00f1a.<\/p>\n","protected":false},"excerpt":{"rendered":"<p>La compa\u00f1\u00eda de servicios funerarios, seguros y transporte sanitario\u00a0Grupo ASV\u00a0se suma a la ola de solidaridad mundial que se est\u00e1 produciendo para ayudar al pueblo ucraniano ante la invasi\u00f3n rusa. Para ello los\u00a0empleados\u00a0se van a volcar en una\u00a0campa\u00f1a de ayuda para Ucrania que consistir\u00e1 en la recogida de productos de primera necesidad, como comida y [&hellip;]<\/p>\n","protected":false},"author":106,"featured_media":2413,"comment_status":"open","ping_status":"open","sticky":false,"template":"","format":"standard","meta":{"_et_pb_use_builder":"","_et_pb_old_content":"","_et_gb_content_width":"","footnotes":""},"categories":[3],"tags":[],"class_list":["post-2411","post","type-post","status-publish","format-standard","has-post-thumbnail","hentry","category-articulos"],"_links":{"self":[{"href":"https:\/\/alpar.com.co\/blog\/wp-json\/wp\/v2\/posts\/2411","targetHints":{"allow":["GET"]}}],"collection":[{"href":"https:\/\/alpar.com.co\/blog\/wp-json\/wp\/v2\/posts"}],"about":[{"href":"https:\/\/alpar.com.co\/blog\/wp-json\/wp\/v2\/types\/post"}],"author":[{"embeddable":true,"href":"https:\/\/alpar.com.co\/blog\/wp-json\/wp\/v2\/users\/106"}],"replies":[{"embeddable":true,"href":"https:\/\/alpar.com.co\/blog\/wp-json\/wp\/v2\/comments?post=2411"}],"version-history":[{"count":3,"href":"https:\/\/alpar.com.co\/blog\/wp-json\/wp\/v2\/posts\/2411\/revisions"}],"predecessor-version":[{"id":2420,"href":"https:\/\/alpar.com.co\/blog\/wp-json\/wp\/v2\/posts\/2411\/revisions\/2420"}],"wp:featuredmedia":[{"embeddable":true,"href":"https:\/\/alpar.com.co\/blog\/wp-json\/wp\/v2\/media\/2413"}],"wp:attachment":[{"href":"https:\/\/alpar.com.co\/blog\/wp-json\/wp\/v2\/media?parent=2411"}],"wp:term":[{"taxonomy":"category","embeddable":true,"href":"https:\/\/alpar.com.co\/blog\/wp-json\/wp\/v2\/categories?post=2411"},{"taxonomy":"post_tag","embeddable":true,"href":"https:\/\/alpar.com.co\/blog\/wp-json\/wp\/v2\/tags?post=2411"}],"curies":[{"name":"wp","href":"https:\/\/api.w.org\/{rel}","templated":true}]}}