{"id":2450,"date":"2022-04-28T16:18:37","date_gmt":"2022-04-28T21:18:37","guid":{"rendered":"https:\/\/alpar.com.co\/blog\/?p=2450"},"modified":"2022-04-29T11:25:12","modified_gmt":"2022-04-29T16:25:12","slug":"parque-del-recuerdo-se-recertifica-como-empresa-b","status":"publish","type":"post","link":"https:\/\/alpar.com.co\/blog\/parque-del-recuerdo-se-recertifica-como-empresa-b\/","title":{"rendered":"Parque del Recuerdo se recertifica como Empresa B"},"content":{"rendered":"<p style=\"text-align: justify;\">En Parque del Recuerdo, empresa afiliada a ALPAR en Chile, est\u00e1n orgullosos de ser una <em>Empresa B<\/em> y promover la generaci\u00f3n de impactos positivos a nivel social y ambiental. Est\u00e1n certificados desde el 2014 y desde entonces centran su modelo de negocio m\u00e1s all\u00e1 de los factores econ\u00f3micos, integrando criterios sociales y ambientales a la gesti\u00f3n empresarial.<\/p>\n<p style=\"text-align: justify;\">El 9 de marzo firmaron el acuerdo final de su cuarta certificaci\u00f3n con un puntaje excepcional de 107,2 puntos, lo que los pone muy felices y llenos de orgullo. Durante los pr\u00f3ximos 3 a\u00f1os seguir\u00e1 avanzando en materia social y ambiental, mejorando d\u00eda a d\u00eda para ser una mejor empresa para el mundo.<\/p>\n<p><iframe loading=\"lazy\" title=\"Parque del Recuerdo se recertifica como Empresa B\" width=\"1080\" height=\"608\" src=\"https:\/\/www.youtube.com\/embed\/wF_m7rQK7X0?feature=oembed\"  allow=\"accelerometer; autoplay; clipboard-write; encrypted-media; gyroscope; picture-in-picture\" allowfullscreen><\/iframe><\/p>\n<hr \/>\n<p>Un aporte de Parque del Recuerdo. Asociado ALPAR en Chile.<\/p>\n","protected":false},"excerpt":{"rendered":"<p>En Parque del Recuerdo, empresa afiliada a ALPAR en Chile, est\u00e1n orgullosos de ser una Empresa B y promover la generaci\u00f3n de impactos positivos a nivel social y ambiental. Est\u00e1n certificados desde el 2014 y desde entonces centran su modelo de negocio m\u00e1s all\u00e1 de los factores econ\u00f3micos, integrando criterios sociales y ambientales a la [&hellip;]<\/p>\n","protected":false},"author":106,"featured_media":2452,"comment_status":"open","ping_status":"open","sticky":false,"template":"","format":"standard","meta":{"_et_pb_use_builder":"","_et_pb_old_content":"","_et_gb_content_width":"","footnotes":""},"categories":[3,4],"tags":[],"class_list":["post-2450","post","type-post","status-publish","format-standard","has-post-thumbnail","hentry","category-articulos","category-videos"],"_links":{"self":[{"href":"https:\/\/alpar.com.co\/blog\/wp-json\/wp\/v2\/posts\/2450","targetHints":{"allow":["GET"]}}],"collection":[{"href":"https:\/\/alpar.com.co\/blog\/wp-json\/wp\/v2\/posts"}],"about":[{"href":"https:\/\/alpar.com.co\/blog\/wp-json\/wp\/v2\/types\/post"}],"author":[{"embeddable":true,"href":"https:\/\/alpar.com.co\/blog\/wp-json\/wp\/v2\/users\/106"}],"replies":[{"embeddable":true,"href":"https:\/\/alpar.com.co\/blog\/wp-json\/wp\/v2\/comments?post=2450"}],"version-history":[{"count":7,"href":"https:\/\/alpar.com.co\/blog\/wp-json\/wp\/v2\/posts\/2450\/revisions"}],"predecessor-version":[{"id":2460,"href":"https:\/\/alpar.com.co\/blog\/wp-json\/wp\/v2\/posts\/2450\/revisions\/2460"}],"wp:featuredmedia":[{"embeddable":true,"href":"https:\/\/alpar.com.co\/blog\/wp-json\/wp\/v2\/media\/2452"}],"wp:attachment":[{"href":"https:\/\/alpar.com.co\/blog\/wp-json\/wp\/v2\/media?parent=2450"}],"wp:term":[{"taxonomy":"category","embeddable":true,"href":"https:\/\/alpar.com.co\/blog\/wp-json\/wp\/v2\/categories?post=2450"},{"taxonomy":"post_tag","embeddable":true,"href":"https:\/\/alpar.com.co\/blog\/wp-json\/wp\/v2\/tags?post=2450"}],"curies":[{"name":"wp","href":"https:\/\/api.w.org\/{rel}","templated":true}]}}