{"id":2486,"date":"2022-06-01T15:06:27","date_gmt":"2022-06-01T20:06:27","guid":{"rendered":"https:\/\/alpar.com.co\/blog\/?p=2486"},"modified":"2022-06-03T11:46:57","modified_gmt":"2022-06-03T16:46:57","slug":"empresas-de-servicios-funebres-reactivan-sus-planes-de-expansion-de-cementerios-en-lima-norte","status":"publish","type":"post","link":"https:\/\/alpar.com.co\/blog\/empresas-de-servicios-funebres-reactivan-sus-planes-de-expansion-de-cementerios-en-lima-norte\/","title":{"rendered":"Empresas de servicios f\u00fanebres reactivan sus planes de expansi\u00f3n de cementerios en Lima Norte"},"content":{"rendered":"<p style=\"text-align: justify;\">La\u00a0pandemia\u00a0desafi\u00f3 a todos los sectores de la\u00a0sociedad\u00a0y puso a prueba su capacidad de adaptaci\u00f3n y respuesta a una situaci\u00f3n de crisis. El mercado de\u00a0servicios funerarios fue uno de los que respondi\u00f3 a la alta demanda de la coyuntura.<\/p>\n<p style=\"text-align: justify;\">Los expertos de la Organizaci\u00f3n Mundial de la Salud (OMS) estiman que 14,9 millones de muertes pueden asociarse a la pandemia, un total que incluye los 6,2 millones de decesos por Covid-19 notificados oficialmente a la OMS por sus 194 pa\u00edses miembros.<\/p>\n<p style=\"text-align: left;\">Sin embargo, a diferencia del escenario de incertidumbre tras dos a\u00f1os de pandemia, las inversiones en el sector contin\u00faan y las empresas abrir\u00e1n nuevos cementerios este 2022; adem\u00e1s anuncian la implementaci\u00f3n de nuevos servicios para atender las demandas de sus clientes.<\/p>\n<p>&nbsp;<\/p>\n<h2><strong>Expansi\u00f3n de cementerios en Lima Norte<\/strong><\/h2>\n<p style=\"text-align: justify;\">Los planes de expansi\u00f3n de nuevos cementerios tambi\u00e9n se han ampliado. Uno de ellos es el camposanto Parque del Recuerdo, empresa afiliada a ALPAR en Per\u00fa, que anunci\u00f3 una nueva sede en Carabayllo, ubicado a 3 minutos del bypass de Puente Piedra, en el cruce de las avenidas Vista Alegre y Los Laureles.<\/p>\n<p style=\"text-align: justify;\">Waldo Sierra, Gerente General de Parque del Recuerdo, inform\u00f3 que presentan este nuevo y hermoso proyecto, con una amplia extensi\u00f3n de \u00e1reas verdes y servicios, un lugar de encuentro y oraci\u00f3n para todas las familias de la zona norte de Lima. Un lugar seguro, cercano, acogedor y con atenci\u00f3n personalizada por el personal altamente capacitado para poder ayudarlos en situaciones dif\u00edciles como es la p\u00e9rdida de un ser querido.<\/p>\n<h2><\/h2>\n<h2><strong>Facilidades de abono<\/strong><\/h2>\n<p style=\"text-align: justify;\">Sierra explica que, por apertura, cuentan con facilidades de financiamiento atractivas. Para separar un espacio solo se debe presentar DNI, un recibo de servicio vigente y cubrir la cuota inicial del 10% del valor del espacio. Asimismo, indic\u00f3 que cuentan con una variedad de precios en los servicios que ofrecen, los cuales var\u00edan de acuerdo a la zona elegida por el cliente. Constantemente trabajan en generar grandes campa\u00f1as para homenajear a los seres queridos.<\/p>\n<hr \/>\n<p>Un aporte de Asociaci\u00f3n Civil San Juan Bautista. Asociado ALPAR en Per\u00fa.<\/p>\n","protected":false},"excerpt":{"rendered":"<p>La\u00a0pandemia\u00a0desafi\u00f3 a todos los sectores de la\u00a0sociedad\u00a0y puso a prueba su capacidad de adaptaci\u00f3n y respuesta a una situaci\u00f3n de crisis. El mercado de\u00a0servicios funerarios fue uno de los que respondi\u00f3 a la alta demanda de la coyuntura. Los expertos de la Organizaci\u00f3n Mundial de la Salud (OMS) estiman que 14,9 millones de muertes pueden [&hellip;]<\/p>\n","protected":false},"author":106,"featured_media":2487,"comment_status":"open","ping_status":"open","sticky":false,"template":"","format":"standard","meta":{"_et_pb_use_builder":"","_et_pb_old_content":"","_et_gb_content_width":"","footnotes":""},"categories":[3],"tags":[],"class_list":["post-2486","post","type-post","status-publish","format-standard","has-post-thumbnail","hentry","category-articulos"],"_links":{"self":[{"href":"https:\/\/alpar.com.co\/blog\/wp-json\/wp\/v2\/posts\/2486","targetHints":{"allow":["GET"]}}],"collection":[{"href":"https:\/\/alpar.com.co\/blog\/wp-json\/wp\/v2\/posts"}],"about":[{"href":"https:\/\/alpar.com.co\/blog\/wp-json\/wp\/v2\/types\/post"}],"author":[{"embeddable":true,"href":"https:\/\/alpar.com.co\/blog\/wp-json\/wp\/v2\/users\/106"}],"replies":[{"embeddable":true,"href":"https:\/\/alpar.com.co\/blog\/wp-json\/wp\/v2\/comments?post=2486"}],"version-history":[{"count":1,"href":"https:\/\/alpar.com.co\/blog\/wp-json\/wp\/v2\/posts\/2486\/revisions"}],"predecessor-version":[{"id":2488,"href":"https:\/\/alpar.com.co\/blog\/wp-json\/wp\/v2\/posts\/2486\/revisions\/2488"}],"wp:featuredmedia":[{"embeddable":true,"href":"https:\/\/alpar.com.co\/blog\/wp-json\/wp\/v2\/media\/2487"}],"wp:attachment":[{"href":"https:\/\/alpar.com.co\/blog\/wp-json\/wp\/v2\/media?parent=2486"}],"wp:term":[{"taxonomy":"category","embeddable":true,"href":"https:\/\/alpar.com.co\/blog\/wp-json\/wp\/v2\/categories?post=2486"},{"taxonomy":"post_tag","embeddable":true,"href":"https:\/\/alpar.com.co\/blog\/wp-json\/wp\/v2\/tags?post=2486"}],"curies":[{"name":"wp","href":"https:\/\/api.w.org\/{rel}","templated":true}]}}