{"id":2503,"date":"2022-06-22T15:10:41","date_gmt":"2022-06-22T20:10:41","guid":{"rendered":"https:\/\/alpar.com.co\/blog\/?p=2503"},"modified":"2022-06-24T11:14:39","modified_gmt":"2022-06-24T16:14:39","slug":"asefuce-imparte-el-primer-taller-sobre-tanatopraxia-en-republica-dominicana","status":"publish","type":"post","link":"https:\/\/alpar.com.co\/blog\/asefuce-imparte-el-primer-taller-sobre-tanatopraxia-en-republica-dominicana\/","title":{"rendered":"ASEFUCE imparte el primer taller sobre tanatopraxia en Rep\u00fablica Dominicana"},"content":{"rendered":"<p style=\"text-align: justify;\">La Asociaci\u00f3n de Empresas Funerarias y Cementerios Privados, Inc. \u00a0(ASEFUCE), \u00a0organiz\u00f3 en el Rep\u00fablica Dominicana el primer taller te\u00f3rico-pr\u00e1ctico sobre tanatopraxia, con la participaci\u00f3n de entidades gubernamentales del Ministerio de Salud P\u00fablica (MISPAS), Instituto Nacional de Patolog\u00eda Forense Dr. Sergio Sarita Valdez, Instituto Nacional de Ciencias Forenses (INACIF) y empresas funerarias y cementerios privados.<\/p>\n<p style=\"text-align: justify;\">El temario abarc\u00f3 varios m\u00f3dulos, presentados durante cinco d\u00edas consecutivos, donde se trataron conceptos de bioseguridad, manejo medioambiental, tanatopraxia en los tiempos de pandemia, manejo \u00a0de protocolo de embalaje de casos Covid-19 e infectocontagiosos extremos, adaptados a los nuevos tiempos,\u00a0 impartido por los capacitadores internacionales, Carlos Col\u00f3n Rodr\u00edguez, licenciado en ciencias mortuorias y Camilo Andr\u00e9s Jaramillo Uribe, Licenciado en embalsamamiento y director funeral.<\/p>\n<p style=\"text-align: justify;\">La\u00a0\u00a0tanatopraxia resume las pr\u00e1cticas que se realizan sobre un cuerpo para su conservaci\u00f3n temporal, es decir, para ser despedido de manera segura y est\u00e9ticamente agradable.\u00a0 Con este taller se marca un precedente importarte tanto en el sector p\u00fablico como privado para la aplicaci\u00f3n de buenas pr\u00e1cticas en los servicios funerarios, \u00a0basados en la dignidad, respeto y solemnidad.<\/p>\n<p style=\"text-align: justify;\">Cementerio-Funeraria Fuente de Luz, Funeraria Jerusal\u00e9n, Funeraria Blandino, Funeraria-Cementerio Parque del Prado y J2 Funeral, formaron parte de las \u00a0empresas miembros de ASEFUCE que patrocinaron el taller.<\/p>\n<p style=\"text-align: justify;\">ASEFUCE fue constituida con la finalidad de agrupar a las empresas del sector funerario, tanto funerarias como cementerios, \u00a0para aportar \u00a0e impulsar los niveles de profesionalismos entre sus asociados, promover la \u00e9tica y \u00a0la prestaci\u00f3n de servicio bajo un \u00a0alto nivel de respeto para honrar la vida.<\/p>\n<hr \/>\n<p>Un aporte de Parque del Prado. Miembro de ALPAR en Rep\u00fablica Dominicana.<\/p>\n","protected":false},"excerpt":{"rendered":"<p>La Asociaci\u00f3n de Empresas Funerarias y Cementerios Privados, Inc. \u00a0(ASEFUCE), \u00a0organiz\u00f3 en el Rep\u00fablica Dominicana el primer taller te\u00f3rico-pr\u00e1ctico sobre tanatopraxia, con la participaci\u00f3n de entidades gubernamentales del Ministerio de Salud P\u00fablica (MISPAS), Instituto Nacional de Patolog\u00eda Forense Dr. Sergio Sarita Valdez, Instituto Nacional de Ciencias Forenses (INACIF) y empresas funerarias y cementerios privados. El [&hellip;]<\/p>\n","protected":false},"author":106,"featured_media":2504,"comment_status":"open","ping_status":"open","sticky":false,"template":"","format":"standard","meta":{"_et_pb_use_builder":"","_et_pb_old_content":"","_et_gb_content_width":"","footnotes":""},"categories":[3],"tags":[],"class_list":["post-2503","post","type-post","status-publish","format-standard","has-post-thumbnail","hentry","category-articulos"],"_links":{"self":[{"href":"https:\/\/alpar.com.co\/blog\/wp-json\/wp\/v2\/posts\/2503","targetHints":{"allow":["GET"]}}],"collection":[{"href":"https:\/\/alpar.com.co\/blog\/wp-json\/wp\/v2\/posts"}],"about":[{"href":"https:\/\/alpar.com.co\/blog\/wp-json\/wp\/v2\/types\/post"}],"author":[{"embeddable":true,"href":"https:\/\/alpar.com.co\/blog\/wp-json\/wp\/v2\/users\/106"}],"replies":[{"embeddable":true,"href":"https:\/\/alpar.com.co\/blog\/wp-json\/wp\/v2\/comments?post=2503"}],"version-history":[{"count":1,"href":"https:\/\/alpar.com.co\/blog\/wp-json\/wp\/v2\/posts\/2503\/revisions"}],"predecessor-version":[{"id":2505,"href":"https:\/\/alpar.com.co\/blog\/wp-json\/wp\/v2\/posts\/2503\/revisions\/2505"}],"wp:featuredmedia":[{"embeddable":true,"href":"https:\/\/alpar.com.co\/blog\/wp-json\/wp\/v2\/media\/2504"}],"wp:attachment":[{"href":"https:\/\/alpar.com.co\/blog\/wp-json\/wp\/v2\/media?parent=2503"}],"wp:term":[{"taxonomy":"category","embeddable":true,"href":"https:\/\/alpar.com.co\/blog\/wp-json\/wp\/v2\/categories?post=2503"},{"taxonomy":"post_tag","embeddable":true,"href":"https:\/\/alpar.com.co\/blog\/wp-json\/wp\/v2\/tags?post=2503"}],"curies":[{"name":"wp","href":"https:\/\/api.w.org\/{rel}","templated":true}]}}