{"id":2507,"date":"2022-07-07T15:59:12","date_gmt":"2022-07-07T20:59:12","guid":{"rendered":"https:\/\/alpar.com.co\/blog\/?p=2507"},"modified":"2022-07-08T10:23:54","modified_gmt":"2022-07-08T15:23:54","slug":"la-sostenibilidad-da-un-importante-paso-al-frente-en-las-empresas-latinoamericanas","status":"publish","type":"post","link":"https:\/\/alpar.com.co\/blog\/la-sostenibilidad-da-un-importante-paso-al-frente-en-las-empresas-latinoamericanas\/","title":{"rendered":"La sostenibilidad da un importante paso al frente en las empresas latinoamericanas"},"content":{"rendered":"<p style=\"text-align: justify;\">El 69% de altos ejecutivos de empresas medianas y grandes de\u00a0Argentina,\u00a0Brasil,\u00a0Colombia\u00a0y\u00a0M\u00e9xico\u00a0expresaron contar ya con una estrategia de sostenibilidad en sus organizaciones, un crecimiento notable con respecto a la cifra registrada en 2021, que hab\u00eda alcanzado el 46%. Esta es una de las conclusiones que revela la segunda edici\u00f3n del estudio<em> \u201cLa Sostenibilidad en la Agenda del Liderazgo Latinoamericano\u201d,<\/em> patrocinado por SAP y que consult\u00f3 a 410 l\u00edderes regionales.<\/p>\n<p style=\"text-align: justify;\">La tendencia contin\u00faa en alza: un 30% admiti\u00f3 haber sumado m\u00e1s pilares relacionados con los Objetivos de Desarrollo Sostenibles de la ONU durante los \u00faltimos doce meses, mientras que un 15% asegura haber logrado llevar a la pr\u00e1ctica las iniciativas de sostenibilidad planteadas durante el a\u00f1o anterior. Adem\u00e1s, 40% estima incrementar la inversi\u00f3n en el tema en 2022 respecto a 2021 y 51% proyecta mantener sus esfuerzos.<\/p>\n<p style=\"text-align: justify; padding-left: 40px;\"><em>\u201cEste nuevo estudio tambi\u00e9n nos deja muy claro que cuando la rentabilidad y la sostenibilidad estan en la misma p\u00e1gina son una combinaci\u00f3n muy poderosa: ambas pueden llevarse a cabo en simult\u00e1neo y tanto los consumidores como los inversores est\u00e1n inclin\u00e1ndose a elegir empresas responsables con el medio ambiente y con las comunidades en las que operan\u201d,<\/em>\u00a0expresa Cristina Palmaka, presidenta de SAP Latinoam\u00e9rica y el Caribe.\u00a0<em>\u201cHoy m\u00e1s que nunca las empresas que tomen en cuenta por igual el triple bottom line -personas, planeta e ingresos- tendr\u00e1n m\u00e1s ventajas y ser\u00e1n m\u00e1s exitosos en una econom\u00eda cada vez m\u00e1s competitiva y globalizada\u201d,\u00a0<\/em>agreg\u00f3.<\/p>\n<p style=\"text-align: justify;\">La diversidad y la inclusi\u00f3n funcionan como una de las principales entradas al mundo de la sostenibilidad: el 63% la considera entre sus planes. Le siguen las cadenas de valor socialmente responsables (53%), la fuerza laboral preparada y las acciones relacionadas con la emisi\u00f3n de huella de carbono (ambas con 45%) y la econom\u00eda circular (32%). En cualquiera de los casos, el 39% de los consultados se\u00f1ala que ya ha comenzado a ver los resultados de sus acciones de sostenibilidad y 29% espera verlos durante el transcurso de 2022.<\/p>\n<p style=\"text-align: justify; padding-left: 40px;\"><em>\u201cUn gran salto cultural es que las empresas ya no hacen esto solo por un tema de reputaci\u00f3n, sino tambi\u00e9n para cumplir su prop\u00f3sito de empresas responsables\u201d<\/em>, analiz\u00f3 Pedro Pereira, Chief Sustainability Officer de SAP Latinoam\u00e9rica y el Caribe.\u00a0<em>\u201cQuedan a\u00fan muchos desaf\u00edos por delante y hay urgencia en que las empresas del mundo tomen acciones, especialmente las relacionadas con el medio ambiente, pero los avances que se produjeron en apenas doce meses nos invitan a ser muy optimistas\u201d.<\/em><\/p>\n<p style=\"text-align: justify;\">Seg\u00fan estimaciones de IDC, la adopci\u00f3n continua de soluciones en la nube puede evitar la emisi\u00f3n de m\u00e1s de 12 millones de toneladas m\u00e9tricas de di\u00f3xido de carbono en la regi\u00f3n entre 2021 y 2024. Esto es una prueba m\u00e1s que la tecnolog\u00eda no es solo una gran aliada para generar impacto sostenible, sino que tambi\u00e9n es una gran propulsora y apoyo para gestionar la sostenibilidad. Otro dato importante del estudio reporta que 71% ya usa alg\u00fan tipo de tecnolog\u00eda para manejar y mostrar resultados relacionados con acciones sostenibles.<\/p>\n<p style=\"text-align: justify; padding-left: 40px;\"><em>\u201cQueremos ayudar a nuestros clientes a ser m\u00e1s sostenibles. Contamos con una cartera de soluciones de sustentabilidad para ayudar a las empresas a incorporar informaci\u00f3n y datos operativos, experienciales y financieros para impulsar la sustentabilidad a gran escala en Am\u00e9rica Latina\u201d\u00a0<\/em>concluy\u00f3 Pereira.<\/p>\n<p style=\"text-align: justify;\">Uno de los objetivos de SAP es generar un impacto econ\u00f3mico, ambiental y social positivo para el planeta, con un enfoque especial en la acci\u00f3n clim\u00e1tica, la econom\u00eda circular, el impacto social y reportes integrados.<\/p>\n<p><a href=\"https:\/\/news.sap.com\/latinamerica\/files\/2022\/04\/04\/Sustainability-Study-II-Main-Report-SPA.pdf\" target=\"_blank\" rel=\"noopener\"><img loading=\"lazy\" decoding=\"async\" class=\"aligncenter wp-image-2511 size-medium\" src=\"https:\/\/alpar.com.co\/blog\/wp-content\/uploads\/descarque-el-informe-completo-300x41.jpg\" alt=\"Descargue el reporte completo\" width=\"300\" height=\"41\" srcset=\"https:\/\/alpar.com.co\/blog\/wp-content\/uploads\/descarque-el-informe-completo-300x41.jpg 300w, https:\/\/alpar.com.co\/blog\/wp-content\/uploads\/descarque-el-informe-completo.jpg 399w\" sizes=\"(max-width: 300px) 100vw, 300px\" \/><\/a><\/p>\n<hr \/>\n<p dir=\"ltr\"><strong><em>Tomado de:<\/em><\/strong><br \/>\n<em>La sostenibilidad da un importante paso al frente en las empresas latinoamericanas. Recuperado de: <\/em><a href=\"https:\/\/news.sap.com\/latinamerica\/2022\/04\/sustainability-study-2022-sap-latin-america\/\" target=\"_blank\" rel=\"noreferrer noopener\" aria-label=\"https:\/\/news.sap.com (abre en una nueva pesta\u00f1a)\"><em>https:\/\/news.sap.com<\/em><\/a><\/p>\n","protected":false},"excerpt":{"rendered":"<p>El 69% de altos ejecutivos de empresas medianas y grandes de\u00a0Argentina,\u00a0Brasil,\u00a0Colombia\u00a0y\u00a0M\u00e9xico\u00a0expresaron contar ya con una estrategia de sostenibilidad en sus organizaciones, un crecimiento notable con respecto a la cifra registrada en 2021, que hab\u00eda alcanzado el 46%. Esta es una de las conclusiones que revela la segunda edici\u00f3n del estudio \u201cLa Sostenibilidad en la Agenda [&hellip;]<\/p>\n","protected":false},"author":106,"featured_media":2508,"comment_status":"open","ping_status":"open","sticky":false,"template":"","format":"standard","meta":{"_et_pb_use_builder":"","_et_pb_old_content":"","_et_gb_content_width":"","footnotes":""},"categories":[3],"tags":[],"class_list":["post-2507","post","type-post","status-publish","format-standard","has-post-thumbnail","hentry","category-articulos"],"_links":{"self":[{"href":"https:\/\/alpar.com.co\/blog\/wp-json\/wp\/v2\/posts\/2507","targetHints":{"allow":["GET"]}}],"collection":[{"href":"https:\/\/alpar.com.co\/blog\/wp-json\/wp\/v2\/posts"}],"about":[{"href":"https:\/\/alpar.com.co\/blog\/wp-json\/wp\/v2\/types\/post"}],"author":[{"embeddable":true,"href":"https:\/\/alpar.com.co\/blog\/wp-json\/wp\/v2\/users\/106"}],"replies":[{"embeddable":true,"href":"https:\/\/alpar.com.co\/blog\/wp-json\/wp\/v2\/comments?post=2507"}],"version-history":[{"count":3,"href":"https:\/\/alpar.com.co\/blog\/wp-json\/wp\/v2\/posts\/2507\/revisions"}],"predecessor-version":[{"id":2512,"href":"https:\/\/alpar.com.co\/blog\/wp-json\/wp\/v2\/posts\/2507\/revisions\/2512"}],"wp:featuredmedia":[{"embeddable":true,"href":"https:\/\/alpar.com.co\/blog\/wp-json\/wp\/v2\/media\/2508"}],"wp:attachment":[{"href":"https:\/\/alpar.com.co\/blog\/wp-json\/wp\/v2\/media?parent=2507"}],"wp:term":[{"taxonomy":"category","embeddable":true,"href":"https:\/\/alpar.com.co\/blog\/wp-json\/wp\/v2\/categories?post=2507"},{"taxonomy":"post_tag","embeddable":true,"href":"https:\/\/alpar.com.co\/blog\/wp-json\/wp\/v2\/tags?post=2507"}],"curies":[{"name":"wp","href":"https:\/\/api.w.org\/{rel}","templated":true}]}}