{"id":2532,"date":"2022-07-21T12:23:43","date_gmt":"2022-07-21T17:23:43","guid":{"rendered":"https:\/\/alpar.com.co\/blog\/?p=2532"},"modified":"2022-07-22T11:05:10","modified_gmt":"2022-07-22T16:05:10","slug":"funeraria-hogar-de-cristo-apoya-la-inclusion-de-madres-privadas-de-libertad-a-traves-del-taller-recuerdame","status":"publish","type":"post","link":"https:\/\/alpar.com.co\/blog\/funeraria-hogar-de-cristo-apoya-la-inclusion-de-madres-privadas-de-libertad-a-traves-del-taller-recuerdame\/","title":{"rendered":"Funeraria Hogar de Cristo apoya la inclusi\u00f3n de madres privadas de libertad a trav\u00e9s del taller \u201cRecu\u00e9rdame\u201d"},"content":{"rendered":"<p style=\"text-align: justify;\">Almohadas, bolsas de medallas e improntas, sudarios y escapularios, son algunos de los elementos que las internas del Centro Penitenciario Femenino (CPF) de Santiago, Chile, est\u00e1n confeccionando como parte del taller \u201cRecu\u00e9rdame\u201d. El proyecto, desarrollado por Funeraria del Hogar de Cristo, empresa afiliada a ALPAR en Chile, y Fundaci\u00f3n Mujer Lev\u00e1ntate, junto al apoyo de Gendarmer\u00eda de Chile, busca entregar una instancia de respeto y dignidad para mujeres y madres privadas de libertad, quienes a trav\u00e9s de su trabajo desarrollan oportunidades para reinsertarse en la sociedad y adem\u00e1s aportar al sustento de sus hijos y familia.<\/p>\n<p style=\"text-align: justify;\">Como parte del compromiso constante de Funeraria Hogar de Cristo por apoyar con dignidad y respeto a los m\u00e1s vulnerables, se levant\u00f3 el desaf\u00edo de integraci\u00f3n con la comunidad a trav\u00e9s de una red de apoyo. Gracias a la ayuda de la Fundaci\u00f3n Mujer Lev\u00e1ntate, se desarroll\u00f3 este proyecto que les permite a las internas una inclusi\u00f3n laboral efectiva, que aporta a su entorno, a sus familias y, sobre todo, a s\u00ed mismas.<\/p>\n<p style=\"text-align: justify;\">La hermana Nelly Le\u00f3n, capellana del CPF de Santiago y presidenta de Mujer Lev\u00e1ntate, ha sido una de las impulsoras del proyecto.<\/p>\n<blockquote>\n<p style=\"text-align: justify;\"><em>\u201cCuando nos contactaron de la Funeraria Hogar de Cristo fue una tremenda alegr\u00eda. Dios ha puesto la mirada ac\u00e1 a trav\u00e9s de la funeraria, para poder visibilizar esta realidad\u201d,<\/em> asegura la hermana Nelly.<\/p>\n<\/blockquote>\n<p style=\"text-align: justify;\">En Funeraria Hogar de Cristo, su Gerente General, Juan Andr\u00e9s Fuentealba, destaca que esta iniciativa permite el crecimiento como instituci\u00f3n, resaltando cada d\u00eda sus prop\u00f3sitos y valores.<\/p>\n<blockquote>\n<p style=\"text-align: justify;\"><em>\u201cEste proyecto nace con la intenci\u00f3n de ser una instancia permanente de oportunidad y desarrollo para este y otros grupos de internas. Estamos muy contentos de apoyar la inclusi\u00f3n de las personas que se encuentran en una situaci\u00f3n de vulnerabilidad o que puedan sentirse postergadas y olvidadas. No tenemos dudas de que ellas son parte de nuestra sociedad y son un aporte, sin importar que est\u00e9n privadas de libertad\u201d,<\/em> afirma Juan Andr\u00e9s Fuentealba.<\/p>\n<\/blockquote>\n<p style=\"text-align: justify;\">Cecilia, una de las internas que participa en \u201cRecu\u00e9rdame\u201d tambi\u00e9n rescata esta oportunidad y valora la posibilidad de reinserci\u00f3n.<\/p>\n<blockquote><p><em>\u201cNosotros no necesitamos que nos tengan l\u00e1stima ni que nos se\u00f1alen, nosotros necesitamos oportunidades concretas, de salir del c\u00edrculo de la delincuencia, y la \u00fanica manera que nosotros tenemos para lograr eso es obteniendo un trabajo digno. Estamos inmensamente agradecidas y orgullosas de estar dentro de este proyecto\u201d,<\/em> enfatiza Cecilia.<\/p><\/blockquote>\n<p style=\"text-align: justify;\">Sobre los destinatarios de su trabajo, Cecilia asegura que <em>\u201ces un trabajo en el cual nosotras ponemos todo nuestro cari\u00f1o, ponemos buenas energ\u00edas, porque nosotras sabemos que van a llegar a manos de personas que est\u00e1n sufriendo en ese momento. Les queremos enviar un poco de nuestro coraje, de nuestra fortaleza a trav\u00e9s del trabajo que desarrollamos todos los d\u00edas\u201d<\/em>.<\/p>\n<hr \/>\n<p>Un aporte de Funeraria Hogar de Cristo. Asociado ALPAR en Chile.<\/p>\n","protected":false},"excerpt":{"rendered":"<p>Almohadas, bolsas de medallas e improntas, sudarios y escapularios, son algunos de los elementos que las internas del Centro Penitenciario Femenino (CPF) de Santiago, Chile, est\u00e1n confeccionando como parte del taller \u201cRecu\u00e9rdame\u201d. El proyecto, desarrollado por Funeraria del Hogar de Cristo, empresa afiliada a ALPAR en Chile, y Fundaci\u00f3n Mujer Lev\u00e1ntate, junto al apoyo de [&hellip;]<\/p>\n","protected":false},"author":106,"featured_media":2533,"comment_status":"open","ping_status":"open","sticky":false,"template":"","format":"standard","meta":{"_et_pb_use_builder":"","_et_pb_old_content":"","_et_gb_content_width":"","footnotes":""},"categories":[3],"tags":[],"class_list":["post-2532","post","type-post","status-publish","format-standard","has-post-thumbnail","hentry","category-articulos"],"_links":{"self":[{"href":"https:\/\/alpar.com.co\/blog\/wp-json\/wp\/v2\/posts\/2532","targetHints":{"allow":["GET"]}}],"collection":[{"href":"https:\/\/alpar.com.co\/blog\/wp-json\/wp\/v2\/posts"}],"about":[{"href":"https:\/\/alpar.com.co\/blog\/wp-json\/wp\/v2\/types\/post"}],"author":[{"embeddable":true,"href":"https:\/\/alpar.com.co\/blog\/wp-json\/wp\/v2\/users\/106"}],"replies":[{"embeddable":true,"href":"https:\/\/alpar.com.co\/blog\/wp-json\/wp\/v2\/comments?post=2532"}],"version-history":[{"count":2,"href":"https:\/\/alpar.com.co\/blog\/wp-json\/wp\/v2\/posts\/2532\/revisions"}],"predecessor-version":[{"id":2535,"href":"https:\/\/alpar.com.co\/blog\/wp-json\/wp\/v2\/posts\/2532\/revisions\/2535"}],"wp:featuredmedia":[{"embeddable":true,"href":"https:\/\/alpar.com.co\/blog\/wp-json\/wp\/v2\/media\/2533"}],"wp:attachment":[{"href":"https:\/\/alpar.com.co\/blog\/wp-json\/wp\/v2\/media?parent=2532"}],"wp:term":[{"taxonomy":"category","embeddable":true,"href":"https:\/\/alpar.com.co\/blog\/wp-json\/wp\/v2\/categories?post=2532"},{"taxonomy":"post_tag","embeddable":true,"href":"https:\/\/alpar.com.co\/blog\/wp-json\/wp\/v2\/tags?post=2532"}],"curies":[{"name":"wp","href":"https:\/\/api.w.org\/{rel}","templated":true}]}}