{"id":2568,"date":"2022-09-01T14:57:19","date_gmt":"2022-09-01T19:57:19","guid":{"rendered":"https:\/\/alpar.com.co\/blog\/?p=2568"},"modified":"2022-09-02T10:02:50","modified_gmt":"2022-09-02T15:02:50","slug":"grupo-albia-presenta-una-sala-para-la-atencion-del-duelo-infantil","status":"publish","type":"post","link":"https:\/\/alpar.com.co\/blog\/grupo-albia-presenta-una-sala-para-la-atencion-del-duelo-infantil\/","title":{"rendered":"Grupo Albia presenta una sala para la atenci\u00f3n del duelo infantil"},"content":{"rendered":"<p style=\"text-align: left;\">Abordar la p\u00e9rdida desde el punto de vista de un ni\u00f1o puede llegar a convertirse en un proceso complicado. Entre otros aspectos, exige la adaptaci\u00f3n de su entorno. Por este motivo,\u00a0Grupo Albia, empresa afiliada a ALPAR en Espa\u00f1a, cuenta en sus instalaciones del Tanatorio-Crematorio Municipal de Torrej\u00f3n de Ardoz (Madrid), con una zona especialmente dise\u00f1ada para la expresi\u00f3n emocional y el acompa\u00f1amiento profesional a los m\u00e1s peque\u00f1os.\u00a0Se trata de una sala para la atenci\u00f3n del duelo infantil.<\/p>\n<p>El espacio se ha\u00a0decorado teniendo en cuenta la capacidad de comprensi\u00f3n de cada ni\u00f1o seg\u00fan su edad, convirti\u00e9ndose en\u00a0una experiencia sensitiva -adem\u00e1s de f\u00edsica-\u00a0que acoge y canaliza las emociones de los m\u00e1s peque\u00f1os. Lo hace a trav\u00e9s de la\u00a0imaginaci\u00f3n, la creatividad y la lectura.\u00a0Para conseguirlo, se ha utilizado una\u00a0combinaci\u00f3n de colores pastel.\u00a0\u00c9stos evocan\u00a0calma y serenidad, junto a otros m\u00e1s vitales e intensos como el azul.<\/p>\n<p style=\"text-align: left;\">Adem\u00e1s, la zona infantil cuenta congrandes ventanales que aportan luz natural, conect\u00e1ndola con el entorno y los espacios verdes del centro. Destacar tambi\u00e9n que el equipo de profesionales del Tanatorio-Crematorio Municipal de Torrej\u00f3n de Ardoz posee una amplia experiencia y conocimiento en los diferentes procesos de duelo. Adem\u00e1s, est\u00e1n formados espec\u00edficamente en duelo infantil. De esta manera pueden asesorar de forma adecuada a los adultos que acompa\u00f1an a los ni\u00f1os durante el proceso.<\/p>\n<p style=\"text-align: left;\">Cabe destacar tambi\u00e9n que el equipo de profesionales del Tanatorio-Crematorio Municipal de Torrej\u00f3n de Ardoz posee una amplia experiencia y conocimiento en los diferentes procesos de duelo. Adem\u00e1s, est\u00e1n formados espec\u00edficamente en duelo infantil. De esta manera pueden asesorar de forma adecuada a los adultos que acompa\u00f1an a los ni\u00f1os durante el proceso.<\/p>\n<h5>\u00a0<img loading=\"lazy\" decoding=\"async\" class=\"size-full wp-image-2571 aligncenter\" src=\"https:\/\/alpar.com.co\/blog\/wp-content\/uploads\/albia28720223.jpg\" alt=\"\" width=\"650\" height=\"404\" srcset=\"https:\/\/alpar.com.co\/blog\/wp-content\/uploads\/albia28720223.jpg 650w, https:\/\/alpar.com.co\/blog\/wp-content\/uploads\/albia28720223-480x298.jpg 480w\" sizes=\"(min-width: 0px) and (max-width: 480px) 480px, (min-width: 481px) 650px, 100vw\" \/><img loading=\"lazy\" decoding=\"async\" class=\"size-full wp-image-2570 aligncenter\" src=\"https:\/\/alpar.com.co\/blog\/wp-content\/uploads\/albia28720222.jpg\" alt=\"\" width=\"650\" height=\"404\" srcset=\"https:\/\/alpar.com.co\/blog\/wp-content\/uploads\/albia28720222.jpg 650w, https:\/\/alpar.com.co\/blog\/wp-content\/uploads\/albia28720222-480x298.jpg 480w\" sizes=\"(min-width: 0px) and (max-width: 480px) 480px, (min-width: 481px) 650px, 100vw\" \/><\/h5>\n<h1><strong>Tres ambientes diferenciados<\/strong><\/h1>\n<p style=\"text-align: left;\">La sala se divide en tres ambientes diferenciados. Est\u00e1n basados en la importancia de la expresi\u00f3n de los sentimientos a trav\u00e9s de la imaginaci\u00f3n y el juego. Primero,\u00a0<em>Mundo Emociones<\/em><em>,<\/em>\u00a0donde los ni\u00f1os pueden dibujar, leer un cuento o charlar y compartir pensamientos, recuerdos, dudas u otras sensaciones vinculadas a la p\u00e9rdida. Despu\u00e9s,\u00a0<em>Mundo Sensaciones<\/em>, dise\u00f1ado para la experimentaci\u00f3n sensorial. Aqu\u00ed, los m\u00e1s peque\u00f1os contar\u00e1n con una pizarra magn\u00e9tica en la que dibujar o escribir sus recuerdos, as\u00ed como mensajes de despedida y de cari\u00f1o al ser querido que han perdido. Por \u00faltimo,\u00a0<em>Mundo Serenidad<\/em>, creado para la relajaci\u00f3n y la calma. En \u00e9l, los ni\u00f1os pueden dejarse llevar por las emociones que les evoquen la m\u00fasica y las proyecciones audiovisuales.<\/p>\n<h1><\/h1>\n<h1><strong>Un lugar en el que expresar sus emociones<\/strong><\/h1>\n<blockquote><p>\u201c<em>Los sonidos, la luz, los colores de las paredes, los juegos que estimulan la imaginaci\u00f3n, los cuentos y los rincones c\u00f3modos y agradables para la lectura y el dibujo hacen de este espacio un lugar apto, ideal y estimulante para compartir relatos, emociones y experiencias entre el adulto y el ni\u00f1o.<\/em>\u00a0<em>Es imprescindible que los m\u00e1s peque\u00f1os cuenten con un momento y lugar en el que expresar sentimientos vinculados a la p\u00e9rdida<\/em>\u201d, asevera\u00a0Marian Carvajal, Responsable de Atenci\u00f3n Emocional de Grupo Albia.<\/p><\/blockquote>\n<p>Por su parte,\u00a0Daniel Palacios, Director General de Grupo Albia, ha expresado su satisfacci\u00f3n ante la inauguraci\u00f3n de la nueva sala.<\/p>\n<blockquote><p>\u201c<em>Nos sentimos muy orgullosos de poder ofrecer un espacio para ayudar a los m\u00e1s peque\u00f1os a sobrellevar el momento de la despedida. Al fin y al cabo, los ni\u00f1os tambi\u00e9n sufren la p\u00e9rdida, de la misma forma que los adultos. Por ello, es sumamente importante formar parte activa de la gesti\u00f3n de ese proceso de duelo. Debemos proporcionarles un lugar en el que puedan expresar sus emociones de forma libre y en el que, a su vez, se sientan acompa\u00f1ados<\/em>\u201d.<\/p><\/blockquote>\n<h5><\/h5>\n<h1><strong>La p\u00e9rdida, un tab\u00fa con los m\u00e1s peque\u00f1os<\/strong><\/h1>\n<p>A menudo, la p\u00e9rdida de un familiar o de un ser querido se trata como una cuesti\u00f3n tab\u00fa para los m\u00e1s peque\u00f1os. Tambi\u00e9n es de dif\u00edcil gesti\u00f3n para los padres, a quienes pueden surgirles dudas acerca de la participaci\u00f3n o no de los menores en determinados rituales como la visita al tanatorio. Seg\u00fan el estudio<em>\u00a0<a href=\"https:\/\/r.tdh.tinkle.es\/tr\/cl\/vFRQk9o99IqJMxiTiVlyhnT5xzNoPB65W2yxPMF1R6TeETx_s7Rf5UXpgjEWDPhSyWiPUoFLUsJFbbFV3SPPcTzMPqJTZDtJ9RYKKffKbFLxAXI8M48Xiyx4RTuH9VZ27LE1hV9izOUSD2SDbOEyrLLBr9XDu8bioNAA1InF1hPtDEsF2j2umjN6xHDtqCwlHFMby_PT2xau2naj1cXh4TWNHA\">\u2018Hoy tengo la edad de mi padre\u2019<\/a><\/em>, realizado por Grupo Albia, solo una de cada cinco familias permite a los ni\u00f1os tomar parte en este tipo de acciones, limitando su asistencia a la despedida. En consecuencia, los ni\u00f1os tienden a inhibir sus propias emociones. Incluso pueden llegar a crear interpretaciones err\u00f3neas en torno a la muerte con el objetivo de poder afrontar su propio proceso de duelo, produci\u00e9ndose consecuencias negativas a medio y largo plazo.<\/p>\n<h1><\/h1>\n<h1><strong>Servicio de atenci\u00f3n y apoyo especializado en duelo infantil y fallecimientos traum\u00e1ticos<\/strong><\/h1>\n<p>Por todo ello, Grupo Albia apuesta por un servicio de atenci\u00f3n y apoyo especializado en duelo infantil y fallecimientos traum\u00e1ticos. Seg\u00fan los expertos de la compa\u00f1\u00eda,\u00a0los ni\u00f1os que participan y forman parte activa de la despedida elaboran un proceso de duelo mucho m\u00e1s sano. Adem\u00e1s, es importante que el adulto acompa\u00f1e al menor durante la ceremonia, permitiendo que exprese de manera personal sus sentimientos y facilitando que se despida de la forma que necesite.<\/p>\n<blockquote><p><em>\u201cEs necesaria una correcta dotaci\u00f3n de herramientas y protocolos de apoyo al duelo en los \u00e1mbitos en los<\/em>\u00a0<em>que el menor que ha sufrido una p\u00e9rdida interacciona, para poder apoyarle correctamente.<\/em>\u00a0<em>Desde Grupo Albia, queremos ofrecer un espacio cercano y apto para la expresi\u00f3n emocional de los m\u00e1s peque\u00f1os en el momento de la despedida de un ser querido<\/em>\u201d, ha asegurado Marian Carvajal.<\/p><\/blockquote>\n<hr \/>\n<p>Un aporte de Albia Gestion de Servicios SLV.<br \/>\nMiembro de ALPAR en Espa\u00f1a.<\/p>\n","protected":false},"excerpt":{"rendered":"<p>Abordar la p\u00e9rdida desde el punto de vista de un ni\u00f1o puede llegar a convertirse en un proceso complicado. Entre otros aspectos, exige la adaptaci\u00f3n de su entorno. Por este motivo,\u00a0Grupo Albia, empresa afiliada a ALPAR en Espa\u00f1a, cuenta en sus instalaciones del Tanatorio-Crematorio Municipal de Torrej\u00f3n de Ardoz (Madrid), con una zona especialmente dise\u00f1ada [&hellip;]<\/p>\n","protected":false},"author":106,"featured_media":2569,"comment_status":"open","ping_status":"open","sticky":false,"template":"","format":"standard","meta":{"_et_pb_use_builder":"","_et_pb_old_content":"","_et_gb_content_width":"","footnotes":""},"categories":[3],"tags":[],"class_list":["post-2568","post","type-post","status-publish","format-standard","has-post-thumbnail","hentry","category-articulos"],"_links":{"self":[{"href":"https:\/\/alpar.com.co\/blog\/wp-json\/wp\/v2\/posts\/2568","targetHints":{"allow":["GET"]}}],"collection":[{"href":"https:\/\/alpar.com.co\/blog\/wp-json\/wp\/v2\/posts"}],"about":[{"href":"https:\/\/alpar.com.co\/blog\/wp-json\/wp\/v2\/types\/post"}],"author":[{"embeddable":true,"href":"https:\/\/alpar.com.co\/blog\/wp-json\/wp\/v2\/users\/106"}],"replies":[{"embeddable":true,"href":"https:\/\/alpar.com.co\/blog\/wp-json\/wp\/v2\/comments?post=2568"}],"version-history":[{"count":1,"href":"https:\/\/alpar.com.co\/blog\/wp-json\/wp\/v2\/posts\/2568\/revisions"}],"predecessor-version":[{"id":2573,"href":"https:\/\/alpar.com.co\/blog\/wp-json\/wp\/v2\/posts\/2568\/revisions\/2573"}],"wp:featuredmedia":[{"embeddable":true,"href":"https:\/\/alpar.com.co\/blog\/wp-json\/wp\/v2\/media\/2569"}],"wp:attachment":[{"href":"https:\/\/alpar.com.co\/blog\/wp-json\/wp\/v2\/media?parent=2568"}],"wp:term":[{"taxonomy":"category","embeddable":true,"href":"https:\/\/alpar.com.co\/blog\/wp-json\/wp\/v2\/categories?post=2568"},{"taxonomy":"post_tag","embeddable":true,"href":"https:\/\/alpar.com.co\/blog\/wp-json\/wp\/v2\/tags?post=2568"}],"curies":[{"name":"wp","href":"https:\/\/api.w.org\/{rel}","templated":true}]}}