{"id":2582,"date":"2022-09-29T12:48:05","date_gmt":"2022-09-29T17:48:05","guid":{"rendered":"https:\/\/alpar.com.co\/blog\/?p=2582"},"modified":"2022-10-06T11:45:57","modified_gmt":"2022-10-06T16:45:57","slug":"sembrando-un-legado-de-vida","status":"publish","type":"post","link":"https:\/\/alpar.com.co\/blog\/sembrando-un-legado-de-vida\/","title":{"rendered":"\u201cSembrando un legado de vida\u201d"},"content":{"rendered":"<p style=\"text-align: justify;\">Parque del Prado, empresa afiliada a ALPAR en Rep\u00fablica Dominicana, en el marco de la d\u00e9cima primera edici\u00f3n de \u201cEL MUNDO UNIDO POR LA VIDA\u201d, el domingo, 18 de septiembre, realiz\u00f3 la Conferencia \u201cSembrando un legado de vida\u201d, un espacio en el que se abord\u00f3 la importancia de vivir con un prop\u00f3sito, honrando y homenajeando la vida.<\/p>\n<p><img loading=\"lazy\" decoding=\"async\" class=\"size-full wp-image-2593 aligncenter\" src=\"https:\/\/alpar.com.co\/blog\/wp-content\/uploads\/02-4.jpg\" alt=\"\" width=\"600\" height=\"400\" srcset=\"https:\/\/alpar.com.co\/blog\/wp-content\/uploads\/02-4.jpg 600w, https:\/\/alpar.com.co\/blog\/wp-content\/uploads\/02-4-480x320.jpg 480w\" sizes=\"(min-width: 0px) and (max-width: 480px) 480px, (min-width: 481px) 600px, 100vw\" \/><\/p>\n<p style=\"text-align: justify;\">Durante la actividad, que cont\u00f3 con la participaci\u00f3n de m\u00e1s de 500 personas, se desarroll\u00f3 una din\u00e1mica en la que los participantes resaltaban los valores y la oportunidad de sembrar, dejando un legado para las futuras generaciones.<\/p>\n<p style=\"text-align: justify;\">A cada una de las familias asistentes se les entreg\u00f3 un kit de germinaci\u00f3n, con semillas org\u00e1nicas de producci\u00f3n local: lechuga, r\u00e1bano, albahaca y cilantro (incluyendo el abono), con el objetivo de que puedan sembrarlas, plantando la semilla de un futuro mejor, motivando con esto a la uni\u00f3n y desarrollo de proyectos en familia y al mismo tiempo, contribuir con la conservaci\u00f3n y protecci\u00f3n de la flora, proporcionando alimento y refugio para nuestro entorno y el de las mascotas.<\/p>\n<p><img loading=\"lazy\" decoding=\"async\" class=\"alignnone wp-image-2591\" src=\"https:\/\/alpar.com.co\/blog\/wp-content\/uploads\/03-1.jpg\" alt=\"\" width=\"333\" height=\"250\" \/> <img loading=\"lazy\" decoding=\"async\" class=\"alignnone wp-image-2592\" src=\"https:\/\/alpar.com.co\/blog\/wp-content\/uploads\/01-6.jpg\" alt=\"\" width=\"375\" height=\"250\" \/><\/p>\n<p style=\"text-align: justify;\">Parque del Prado particip\u00f3 con esta actividad en el Concurso: LAS ACTIVIDADES M\u00c1S INNOVADORAS DE EL MUNDO UNIDO POR LA VIDA 2022, desarrollado por ALPAR, con el objetivo de premiar las tres actividades m\u00e1s innovadoras y en el que participaron 22 empresas, representando 12 pa\u00edses.<\/p>\n<p style=\"text-align: justify;\">\u201cSembrando un legado de vida\u201d obtuvo el mayor porcentaje de votaci\u00f3n por parte del p\u00fablico en redes sociales (9,3%), obteniendo el primer lugar en el Concurso. Adicionalmente tambi\u00e9n obtuvo el mayor porcentaje de interacciones (likes y comentarios) en la publicaci\u00f3n de su actividad.<\/p>\n<p style=\"text-align: justify;\">Esta y las dem\u00e1s actividades que desarrollaron las empresas de la Industria de Cementerios y Funerarias, en m\u00e1s de 30 pa\u00edses, durante la celebraci\u00f3n de EL MUNDO UNIDO POR LA VIDA, son la muestra tangible de c\u00f3mo las empresas pueden compartir con el p\u00fablico la sensibilidad de la Industria hacia el valor de la vida y el respeto a la memoria, generando un mayor v\u00ednculo con sus usuarios.<\/p>\n<p>&nbsp;<\/p>\n<p><iframe loading=\"lazy\" title=\"\u201cSembrando un legado de vida\u201d\" width=\"1080\" height=\"608\" src=\"https:\/\/www.youtube.com\/embed\/BxIUQAjV6uA?feature=oembed\"  allow=\"accelerometer; autoplay; clipboard-write; encrypted-media; gyroscope; picture-in-picture\" allowfullscreen><\/iframe><\/p>\n","protected":false},"excerpt":{"rendered":"<p>Parque del Prado, empresa afiliada a ALPAR en Rep\u00fablica Dominicana, en el marco de la d\u00e9cima primera edici\u00f3n de \u201cEL MUNDO UNIDO POR LA VIDA\u201d, el domingo, 18 de septiembre, realiz\u00f3 la Conferencia \u201cSembrando un legado de vida\u201d, un espacio en el que se abord\u00f3 la importancia de vivir con un prop\u00f3sito, honrando y homenajeando [&hellip;]<\/p>\n","protected":false},"author":106,"featured_media":2584,"comment_status":"open","ping_status":"open","sticky":false,"template":"","format":"standard","meta":{"_et_pb_use_builder":"","_et_pb_old_content":"","_et_gb_content_width":"","footnotes":""},"categories":[3],"tags":[],"class_list":["post-2582","post","type-post","status-publish","format-standard","has-post-thumbnail","hentry","category-articulos"],"_links":{"self":[{"href":"https:\/\/alpar.com.co\/blog\/wp-json\/wp\/v2\/posts\/2582","targetHints":{"allow":["GET"]}}],"collection":[{"href":"https:\/\/alpar.com.co\/blog\/wp-json\/wp\/v2\/posts"}],"about":[{"href":"https:\/\/alpar.com.co\/blog\/wp-json\/wp\/v2\/types\/post"}],"author":[{"embeddable":true,"href":"https:\/\/alpar.com.co\/blog\/wp-json\/wp\/v2\/users\/106"}],"replies":[{"embeddable":true,"href":"https:\/\/alpar.com.co\/blog\/wp-json\/wp\/v2\/comments?post=2582"}],"version-history":[{"count":3,"href":"https:\/\/alpar.com.co\/blog\/wp-json\/wp\/v2\/posts\/2582\/revisions"}],"predecessor-version":[{"id":2613,"href":"https:\/\/alpar.com.co\/blog\/wp-json\/wp\/v2\/posts\/2582\/revisions\/2613"}],"wp:featuredmedia":[{"embeddable":true,"href":"https:\/\/alpar.com.co\/blog\/wp-json\/wp\/v2\/media\/2584"}],"wp:attachment":[{"href":"https:\/\/alpar.com.co\/blog\/wp-json\/wp\/v2\/media?parent=2582"}],"wp:term":[{"taxonomy":"category","embeddable":true,"href":"https:\/\/alpar.com.co\/blog\/wp-json\/wp\/v2\/categories?post=2582"},{"taxonomy":"post_tag","embeddable":true,"href":"https:\/\/alpar.com.co\/blog\/wp-json\/wp\/v2\/tags?post=2582"}],"curies":[{"name":"wp","href":"https:\/\/api.w.org\/{rel}","templated":true}]}}