{"id":2596,"date":"2022-10-06T11:24:16","date_gmt":"2022-10-06T16:24:16","guid":{"rendered":"https:\/\/alpar.com.co\/blog\/?p=2596"},"modified":"2022-10-07T11:07:15","modified_gmt":"2022-10-07T16:07:15","slug":"murales-y-fotos-del-recuerdo","status":"publish","type":"post","link":"https:\/\/alpar.com.co\/blog\/murales-y-fotos-del-recuerdo\/","title":{"rendered":"Murales y fotos del recuerdo"},"content":{"rendered":"<p style=\"text-align: justify;\">En el marco de EL MUNDO UNIDO POR LA VIDA 2022, Parque del Recuerdo, empresa afiliada a ALPAR en Per\u00fa, realiz\u00f3 la actividad \u201cMurales y fotos del recuerdo\u201d, con la que particip\u00f3, junto a 22 empresas representantes de 12 pa\u00edses, en el Concurso: LAS ACTIVIDADES M\u00c1S INNOVADORAS DE EL MUNDO UNIDO POR LA VIDA 2022, y obtuvo el segundo lugar en porcentaje de votaci\u00f3n (8,6%) por parte del p\u00fablico en redes sociales.<\/p>\n<p>&nbsp;<\/p>\n<p><iframe loading=\"lazy\" title=\"\u201cMundo Unido Por La Vida - Murales y Fotos del Recuerdo\u201d\" width=\"1080\" height=\"608\" src=\"https:\/\/www.youtube.com\/embed\/PlzydWm4QS8?feature=oembed\"  allow=\"accelerometer; autoplay; clipboard-write; encrypted-media; gyroscope; picture-in-picture\" allowfullscreen><\/iframe><\/p>\n<p>&nbsp;<\/p>\n<p style=\"text-align: justify;\">Esta actividad h\u00edbrida (presencial\/virtual) tuvo una gran acogida e interacci\u00f3n por parte del p\u00fablico visitante y tambi\u00e9n a trav\u00e9s de la virtualidad, contando con la participaci\u00f3n de m\u00e1s de 100 mil personas, en los 9 Camposantos de Parque del Recuerdo a nivel nacional y se desarroll\u00f3 en tres momentos:<\/p>\n<p style=\"padding-left: 40px;\"><strong>1.<\/strong> Las personas se registraban en la <em>landing page<\/em> <u>www.siempreterecuerdo.com<\/u> y sub\u00edan una foto, que posteriormente se les devolvi\u00f3 con un lindo marco brandeado (\u00e9sta fue una acci\u00f3n 100% digital).<\/p>\n<p style=\"padding-left: 40px;\"><strong>2.<\/strong> El domingo, 18 de setiembre, los visitantes de los Camposantos pudieron imprimir la foto de su ser querido y se les entreg\u00f3 adem\u00e1s un lindo portarretrato para que celebren la vida y recuerden los mejores momentos con ellos.<\/p>\n<p style=\"padding-left: 40px;\"><strong>3.<\/strong> Ese mismo d\u00eda, a trav\u00e9s de murales interactivos, los visitantes de los Camposantos se tomaron muchas fotos celebrando la vida y las compartieron en sus redes sociales con los hashtags <em>#CelebraLaVida #MundoUnidoPorLaVida #CuidamosTusRecuerdos<\/em><\/p>\n<p>&nbsp;<\/p>\n<p><img loading=\"lazy\" decoding=\"async\" class=\"alignnone wp-image-2599\" src=\"https:\/\/alpar.com.co\/blog\/wp-content\/uploads\/Parque-del-Recuerdo-Peru-Alpar.png\" alt=\"\" width=\"600\" height=\"409\" \/><\/p>\n<p><img loading=\"lazy\" decoding=\"async\" class=\"alignnone wp-image-2598\" src=\"https:\/\/alpar.com.co\/blog\/wp-content\/uploads\/Parque-del-Recuerdo-Peru-Alpar3.png\" alt=\"\" width=\"293\" height=\"200\" \/><img loading=\"lazy\" decoding=\"async\" class=\"alignnone wp-image-2600\" src=\"https:\/\/alpar.com.co\/blog\/wp-content\/uploads\/Parque-del-Recuerdo-Peru-Alpar2.png\" alt=\"\" width=\"293\" height=\"200\" \/><\/p>\n<p style=\"text-align: justify;\">EL MUNDO UNIDO POR LA VIDA, movimiento mundial iniciativa de ALPAR, desde 2012 une anualmente a la Industria de Cementerios y Funerarias en los cinco continentes, a trav\u00e9s de m\u00faltiples actividades presenciales y virtuales, exaltando el valor de la vida y convocando a familias y amigos con el objetivo de celebrar la vida.<\/p>\n","protected":false},"excerpt":{"rendered":"<p>En el marco de EL MUNDO UNIDO POR LA VIDA 2022, Parque del Recuerdo, empresa afiliada a ALPAR en Per\u00fa, realiz\u00f3 la actividad \u201cMurales y fotos del recuerdo\u201d, con la que particip\u00f3, junto a 22 empresas representantes de 12 pa\u00edses, en el Concurso: LAS ACTIVIDADES M\u00c1S INNOVADORAS DE EL MUNDO UNIDO POR LA VIDA 2022, [&hellip;]<\/p>\n","protected":false},"author":106,"featured_media":2605,"comment_status":"open","ping_status":"open","sticky":false,"template":"","format":"standard","meta":{"_et_pb_use_builder":"","_et_pb_old_content":"","_et_gb_content_width":"","footnotes":""},"categories":[3],"tags":[],"class_list":["post-2596","post","type-post","status-publish","format-standard","has-post-thumbnail","hentry","category-articulos"],"_links":{"self":[{"href":"https:\/\/alpar.com.co\/blog\/wp-json\/wp\/v2\/posts\/2596","targetHints":{"allow":["GET"]}}],"collection":[{"href":"https:\/\/alpar.com.co\/blog\/wp-json\/wp\/v2\/posts"}],"about":[{"href":"https:\/\/alpar.com.co\/blog\/wp-json\/wp\/v2\/types\/post"}],"author":[{"embeddable":true,"href":"https:\/\/alpar.com.co\/blog\/wp-json\/wp\/v2\/users\/106"}],"replies":[{"embeddable":true,"href":"https:\/\/alpar.com.co\/blog\/wp-json\/wp\/v2\/comments?post=2596"}],"version-history":[{"count":11,"href":"https:\/\/alpar.com.co\/blog\/wp-json\/wp\/v2\/posts\/2596\/revisions"}],"predecessor-version":[{"id":2620,"href":"https:\/\/alpar.com.co\/blog\/wp-json\/wp\/v2\/posts\/2596\/revisions\/2620"}],"wp:featuredmedia":[{"embeddable":true,"href":"https:\/\/alpar.com.co\/blog\/wp-json\/wp\/v2\/media\/2605"}],"wp:attachment":[{"href":"https:\/\/alpar.com.co\/blog\/wp-json\/wp\/v2\/media?parent=2596"}],"wp:term":[{"taxonomy":"category","embeddable":true,"href":"https:\/\/alpar.com.co\/blog\/wp-json\/wp\/v2\/categories?post=2596"},{"taxonomy":"post_tag","embeddable":true,"href":"https:\/\/alpar.com.co\/blog\/wp-json\/wp\/v2\/tags?post=2596"}],"curies":[{"name":"wp","href":"https:\/\/api.w.org\/{rel}","templated":true}]}}