{"id":2650,"date":"2022-11-09T17:18:27","date_gmt":"2022-11-09T22:18:27","guid":{"rendered":"https:\/\/alpar.com.co\/blog\/?p=2650"},"modified":"2022-11-10T16:48:04","modified_gmt":"2022-11-10T21:48:04","slug":"parque-del-prado-15-anos-brindando-tranquilidad-y-honrando-la-vida-con-respeto-y-dignidad","status":"publish","type":"post","link":"https:\/\/alpar.com.co\/blog\/parque-del-prado-15-anos-brindando-tranquilidad-y-honrando-la-vida-con-respeto-y-dignidad\/","title":{"rendered":"Parque del Prado: 15 a\u00f1os brindando tranquilidad y honrando la vida con respeto y dignidad"},"content":{"rendered":"<p style=\"text-align: justify;\">En los \u00faltimos a\u00f1os, Parque del Prado, empresa afiliada a ALPAR en Rep\u00fablica Dominicana, ha logrado importantes avances en el negocio de la industria funeraria, actualmente se encuentra en una fase de crecimiento y expansi\u00f3n con dos proyectos que estar\u00e1n desarrollando en la ciudad de La Romana y Constanza.<\/p>\n<p style=\"text-align: justify;\">Lograr la tranquilidad de saber que se cuenta con una s\u00f3lida y robusta plataforma de servicios exequiales que garantice, al momento de una p\u00e9rdida familiar, poder contar con la seguridad de sentirse acompa\u00f1ado para afrontar dignamente la partida de un ser querido, todo esto bajo un servicio de alta calidad con normas y est\u00e1ndares internacionales, es el estado deseado por las familias.<\/p>\n<p style=\"text-align: justify;\">El Camposanto Parque del Prado cuenta con m\u00e1s de 300 mil metros cuadrados, divididos en secciones, m\u00f3dulos y lotes, totalmente ajardinados, bajo un concepto donde prima la naturaleza, proporcion\u00e1ndoles a los asociados un lugar de sentimiento, paz y respeto para visitar a sus seres queridos.<\/p>\n<p style=\"text-align: justify;\">Durante 15 a\u00f1os, a trav\u00e9s de un entorno manejado con instalaciones arquitect\u00f3nicamente avanzadas, la empresa ha proporcionado servicios exequiales, todo bajo un mismo espacio, siendo la primera empresa de servicios funerarios integrados en la Rep\u00fablica Dominicana: Cementerio, Funeraria, Crematorios y Columbarios con \u00e1reas armoniosamente bien distribuidas, impactando positivamente en todo lo referente al desarrollo socioecon\u00f3mico del pa\u00eds.<\/p>\n<blockquote><p><em>\u201cDurante 15 a\u00f1os hemos procurado brindar un servicio exequial modernizado y a la vanguardia, acorde con los valores que nos representan: solidaridad, respeto, honestidad, integridad y responsabilidad, homenajeando la vida e invitando a las familias a conmemorar el legado de sus seres queridos en un espacio \u00fanico que ayuda a conectar paz y armon\u00eda\u201d<\/em>, sostuvo la vicepresidenta ejecutiva de Parque del Prado, Gina Victoriano.<\/p><\/blockquote>\n<p><img loading=\"lazy\" decoding=\"async\" class=\"aligncenter wp-image-2653 size-full\" src=\"https:\/\/alpar.com.co\/blog\/wp-content\/uploads\/DSC_0243.jpg\" alt=\"\" width=\"600\" height=\"397\" srcset=\"https:\/\/alpar.com.co\/blog\/wp-content\/uploads\/DSC_0243.jpg 600w, https:\/\/alpar.com.co\/blog\/wp-content\/uploads\/DSC_0243-480x318.jpg 480w\" sizes=\"(min-width: 0px) and (max-width: 480px) 480px, (min-width: 481px) 600px, 100vw\" \/><\/p>\n<h2><\/h2>\n<h2 style=\"padding-left: 40px;\"><strong>Responsabilidad y lealtad <\/strong><\/h2>\n<p style=\"text-align: justify;\">Comprometidos con el cumplimiento de las expectativas y necesidades de cada familia, uno de los elementos diferenciadores de Parque del Prado es la comunicaci\u00f3n permanente con los asociados, buscando y procurando siempre que formen parte del proceso de prestaci\u00f3n del servicio.<\/p>\n<p style=\"text-align: justify;\">La empresa ha impulsado el avance tecnol\u00f3gico con el fin de crear una plataforma que mejore la base de la productividad empresarial bajo una filosof\u00eda de honestidad, lealtad y confianza en cada uno de sus asociados, con pol\u00edticas tendentes a reconocer la fidelidad de las familias que han adquirido los servicios exequiales, tales como: tres sorteos anuales donde se exonera la totalidad de la deuda del asociado o se le facilita la adquisici\u00f3n de uno de los planes exequiales, realizados en el mes de las madres, mes de los padres y en conmemoraci\u00f3n del d\u00eda de los fieles difuntos.<\/p>\n<h2><\/h2>\n<h2 style=\"padding-left: 40px;\"><strong>Crecimiento y proyecci\u00f3n empresarial <\/strong><\/h2>\n<p style=\"text-align: justify;\">En su visi\u00f3n de expansi\u00f3n, a nivel nacional, la entidad se encuentra en una fase de crecimiento y desarrollo de dos camposantos integrales en el que ofrecer\u00e1n los productos y servicios de la marca en la ciudad de La Romana y Constanza.<\/p>\n<p style=\"text-align: justify;\">Una iniciativa estrat\u00e9gica que impulsar\u00e1 la generaci\u00f3n de empleos e incentiva el desarrollo econ\u00f3mico en ambas ciudades con planes a corto, mediano y largo plazo, fortaleciendo la presencia e integraci\u00f3n de los servicios integrados, bajo la identidad, responsabilidad y compromiso de la empresa en honrar y cuidar el legado de las familias.<\/p>\n<blockquote><p><em>\u201cUno de los objetivos de nuestra empresa est\u00e1 centrado en fortalecer la expansi\u00f3n de la marca en la regi\u00f3n Este y Norte del pa\u00eds, en las ciudades de La Romana y Constanza respectivamente, con la implementaci\u00f3n de dos cementerios privados que ofrezcan a las familias servicios exequiales al m\u00e1s alto nivel bajo una visi\u00f3n integral con marcado valor social, bajo est\u00e1ndares y normas internacionales brindadas en espacios \u00fanicos para honrar la vida\u201d,<\/em> manifest\u00f3 Victoriano.<\/p><\/blockquote>\n<h2><\/h2>\n<h2 style=\"padding-left: 40px;\"><strong>Innovaci\u00f3n en servicios funerarios <\/strong><\/h2>\n<p style=\"text-align: justify;\">Ser previsor es la virtud de ser capaz de anticiparse a los hechos futuros, protegiendo el legado familiar. Por esta raz\u00f3n, el grupo empresarial brinda diversos planes de previsi\u00f3n exequial que permiten a las familias poder contar con un respaldo de servicios integrales al momento de fallecer un ser querido.<\/p>\n<p style=\"text-align: justify;\">A\u00f1o tras a\u00f1o, se renuevan las \u00e1reas para brindar una mejor asistencia. Uno de los factores que han contribuido al buen funcionamiento de esta empresa es estar dispuestos a realizar los cambios necesarios para mejorar la prestaci\u00f3n de los servicios y, adem\u00e1s, ampliar la oferta de manera que se adapte a las exigencias del mercado, ofreciendo facilidades de financiamiento, diversas metodolog\u00edas de pago: sucursales y plataformas de Internet bancarias, transferencias, tarjetas de cr\u00e9ditos y d\u00e9bitos, <em>paypal<\/em>, mensajer\u00eda, entre otras.<\/p>\n<p><img loading=\"lazy\" decoding=\"async\" class=\"aligncenter wp-image-2652\" src=\"https:\/\/alpar.com.co\/blog\/wp-content\/uploads\/FOTO-EXTERIOR-nuevos-proyectos-oficial.png\" alt=\"\" width=\"500\" height=\"281\" \/><\/p>\n<h2 style=\"padding-left: 40px;\"><strong>Funeraria Parque del Prado <\/strong><\/h2>\n<p style=\"text-align: justify;\">La Funeraria Parque del Prado cuenta con una capilla ecum\u00e9nica para servicios religiosos, as\u00ed como cinco capillas de velaci\u00f3n modernas y equipadas para cubrir las necesidades de sus clientes. Cada uno de los paquetes y servicios integrales est\u00e1n concebidos para acompa\u00f1ar en todo el proceso a las familias, brindando calidad y excelencia, factores claves y diferenciadores en este grupo empresarial.<\/p>\n<blockquote><p><em>\u201cPara nosotros, cada detalle es importante, buscamos generar tranquilidad y confianza en la vida de las personas, ofreciendo soluciones inmediatas y necesarias a nuestros presentes y futuros asociados\u201d<\/em>, indic\u00f3 la vicepresidente ejecutiva, Gina Victoriano.<\/p><\/blockquote>\n<h2 style=\"padding-left: 40px;\"><strong>Compromiso ambiental <\/strong><\/h2>\n<p style=\"text-align: justify;\">Parque del Prado posee un marcado compromiso con el desarrollo sostenible del pa\u00eds, siendo una empresa comprometida con el medio ambiente, realiza desde el inicio de su operaci\u00f3n jornadas de reforestaci\u00f3n y siembra de \u00e1rboles en diferentes ciudades del pa\u00eds, promoviendo el uso sostenible y la preservaci\u00f3n de los recursos naturales.<\/p>\n<blockquote><p><em>\u201cNuestra pol\u00edtica de Responsabilidad Social Empresarial tiene como estandarte promover buenas pr\u00e1cticas ambientales con un alto nivel de conciencia generando comportamientos respetuosos y amigables con el ambiente, siendo parte junto a otras empresas de su grupo empresarial de la siembra de m\u00e1s de 67,000 \u00e1rboles hasta la fecha\u201d,<\/em> recalc\u00f3 Victoriano.<\/p><\/blockquote>\n<h2><\/h2>\n<h2 style=\"padding-left: 40px;\"><strong>Pet Cemetery <\/strong><\/h2>\n<p style=\"text-align: justify;\">Parque del Prado dispone de un espacio exclusivo, dentro del camposanto, para despedir de manera digna y respetuosa a esos incondicionales amigos, con un delicado protocolo de despedida que cumple los est\u00e1ndares internacionales. Cuenta adem\u00e1s con los servicios de cremaci\u00f3n, cuyos planes pueden ser adquiridos a previsi\u00f3n.<\/p>\n<p style=\"text-align: justify;\">Es una aliada estrat\u00e9gica de diversas instituciones y organizaciones que tienen como finalidad promover la Ley 248-12 de Protecci\u00f3n Animal y Tenencia Responsable, apoyando adem\u00e1s diversas actividades con el fin del bienestar animal.<\/p>\n<h2 style=\"padding-left: 40px;\"><strong>Los servicios <\/strong><\/h2>\n<p style=\"text-align: left;\">Parque del Prado ofrece los servicios y productos:<\/p>\n<ul>\n<li>Lotes Memoriales<\/li>\n<li>Jardines Familiares<\/li>\n<li>Capillas de Velaci\u00f3n<\/li>\n<li>Columbarios<\/li>\n<li>Cremaci\u00f3n<\/li>\n<li>Inhumaci\u00f3n<\/li>\n<li>Exhumaci\u00f3n<\/li>\n<li>Traslados desde otros cementerios<\/li>\n<li>L\u00e1pidas<\/li>\n<li>Sepultura y cremaci\u00f3n para mascotas<\/li>\n<\/ul>\n<p>&nbsp;<\/p>\n<h2 style=\"padding-left: 40px;\"><strong>Licencias y acreditaciones <\/strong><\/h2>\n<p style=\"text-align: justify;\">El Cementerio Parque del Prado ha sido desarrollado en estricto cumplimiento a la Ley General 64-00 sobre Medio Ambiente y Recursos Naturales, Ley General 4201 de Salud y el Reglamento de Polic\u00eda Mortuoria No. 3529.<\/p>\n<p style=\"text-align: justify;\">Cuenta con licencias y permisos del Ayuntamiento de Santo Domingo Este, del Ayuntamiento Municipal de Guerra, Ministerio de Salud P\u00fablica y Asistencia Social (MSP), Ministerio de Medio Ambiente y Recursos Naturales.<\/p>\n<p>&nbsp;<\/p>\n<h2 style=\"padding-left: 40px;\"><strong>Certificaciones: <\/strong><\/h2>\n<p>Sistema de Gesti\u00f3n de Calidad con la Norma ISO 9001:2015<\/p>\n<p>Norma UNE-EN 15017:2006, para servicios funerarios.<\/p>\n<p>&nbsp;<\/p>\n<h3 style=\"padding-left: 40px;\"><strong>Asociaciones internacionales: <\/strong><\/h3>\n<p>Es miembro de la American Chamber of Commerce of the Dominican Republic.<\/p>\n<p>International Cemetery, Cremation and Funeral Association.<\/p>\n<p>The World Organization of Funeral Operatives.<\/p>\n<p>Asociaci\u00f3n Latinoamericana de Parques Cementerios y Servicios Exequiales (ALPAR).<\/p>\n<p>National Funeral Directors Association (NFDA).<\/p>\n<p>International Association of Pet Cemeteries and Crematories (IAOPCC).<\/p>\n<p>Forma parte de distintas asociaciones nacionales, tales como: Asociaci\u00f3n de Cementerios y Servicios Funerarios (ASEFUCE) como Socio Fundador y Miembro de la Directiva, entre otras.<\/p>\n<hr \/>\n<p>Un aporte de Parque del Prado. Miembro de ALPAR en Rep\u00fablica Dominicana.<\/p>\n","protected":false},"excerpt":{"rendered":"<p>En los \u00faltimos a\u00f1os, Parque del Prado, empresa afiliada a ALPAR en Rep\u00fablica Dominicana, ha logrado importantes avances en el negocio de la industria funeraria, actualmente se encuentra en una fase de crecimiento y expansi\u00f3n con dos proyectos que estar\u00e1n desarrollando en la ciudad de La Romana y Constanza. Lograr la tranquilidad de saber que [&hellip;]<\/p>\n","protected":false},"author":106,"featured_media":2651,"comment_status":"open","ping_status":"open","sticky":false,"template":"","format":"standard","meta":{"_et_pb_use_builder":"","_et_pb_old_content":"","_et_gb_content_width":"","footnotes":""},"categories":[3],"tags":[],"class_list":["post-2650","post","type-post","status-publish","format-standard","has-post-thumbnail","hentry","category-articulos"],"_links":{"self":[{"href":"https:\/\/alpar.com.co\/blog\/wp-json\/wp\/v2\/posts\/2650","targetHints":{"allow":["GET"]}}],"collection":[{"href":"https:\/\/alpar.com.co\/blog\/wp-json\/wp\/v2\/posts"}],"about":[{"href":"https:\/\/alpar.com.co\/blog\/wp-json\/wp\/v2\/types\/post"}],"author":[{"embeddable":true,"href":"https:\/\/alpar.com.co\/blog\/wp-json\/wp\/v2\/users\/106"}],"replies":[{"embeddable":true,"href":"https:\/\/alpar.com.co\/blog\/wp-json\/wp\/v2\/comments?post=2650"}],"version-history":[{"count":4,"href":"https:\/\/alpar.com.co\/blog\/wp-json\/wp\/v2\/posts\/2650\/revisions"}],"predecessor-version":[{"id":2657,"href":"https:\/\/alpar.com.co\/blog\/wp-json\/wp\/v2\/posts\/2650\/revisions\/2657"}],"wp:featuredmedia":[{"embeddable":true,"href":"https:\/\/alpar.com.co\/blog\/wp-json\/wp\/v2\/media\/2651"}],"wp:attachment":[{"href":"https:\/\/alpar.com.co\/blog\/wp-json\/wp\/v2\/media?parent=2650"}],"wp:term":[{"taxonomy":"category","embeddable":true,"href":"https:\/\/alpar.com.co\/blog\/wp-json\/wp\/v2\/categories?post=2650"},{"taxonomy":"post_tag","embeddable":true,"href":"https:\/\/alpar.com.co\/blog\/wp-json\/wp\/v2\/tags?post=2650"}],"curies":[{"name":"wp","href":"https:\/\/api.w.org\/{rel}","templated":true}]}}