{"id":2659,"date":"2022-11-17T16:42:27","date_gmt":"2022-11-17T21:42:27","guid":{"rendered":"https:\/\/alpar.com.co\/blog\/?p=2659"},"modified":"2022-11-18T11:03:05","modified_gmt":"2022-11-18T16:03:05","slug":"artus-el-nuevo-feretro-personalizable-disenado-por-altima","status":"publish","type":"post","link":"https:\/\/alpar.com.co\/blog\/artus-el-nuevo-feretro-personalizable-disenado-por-altima\/","title":{"rendered":"Artus: el nuevo f\u00e9retro personalizable dise\u00f1ado por \u00c1ltima"},"content":{"rendered":"<p style=\"text-align: justify;\">Con el fin de continuar prestando unos servicios funerarios adaptados a las necesidades de la sociedad, m\u00e1s personalizados e innovadores, \u00c1ltima, empresa afiliada a ALPAR en Espa\u00f1a, ha dise\u00f1ado Artus, un nuevo modelo de f\u00e9retro con tapa de pizarra para que las familias puedan expresarse a trav\u00e9s de mensajes y dibujos, en recuerdo al difunto en el momento del velatorio. La empresa de servicios funerarios, que gestiona 35 tanatorios, 11 complejos crematorios y 18 cementerios en 247 municipios de Catalu\u00f1a y Baleares, dispondr\u00e1 del nuevo ata\u00fad en todos los centros donde presta servicio.<\/p>\n<p style=\"text-align: justify;\">La\u00a0iniciativa es la primera de estas caracter\u00edsticas en Espa\u00f1a que, adem\u00e1s, es sostenible, ya que el ata\u00fad Artus es de madera de tala controlada y libre de elementos como cristales, metales o tejidos sint\u00e9ticos.<\/p>\n<blockquote><p>\u201c<em>La\u00a0innovaci\u00f3n es un elemento clave en la empresa, que desde sus inicios se ha caracterizado por el desarrollo constante de nuevos productos, servicios y espacios, con el fin de adaptarnos al contexto y la sociedad en cada momento, y siempre teniendo muy presente el eje de la sostenibilidad y del compromiso con el entorno<\/em>\u201d, expone Josep Ventura, consejero delegado de \u00c1ltima.<\/p><\/blockquote>\n<p style=\"text-align: justify;\">En este sentido, la\u00a0vocaci\u00f3n de servicio a las familias pasa por el desarrollo constante de nuevas formas de acompa\u00f1ar en uno de los momentos emocionalmente m\u00e1s complejos de la vida.<\/p>\n<blockquote><p>\u201c<em>No solo porque la innovaci\u00f3n permite que las despedidas sean m\u00e1s personalizadas y a medida de lo que cada familia requiere, sino porque es una herramienta que nos ayuda a acercarnos a la sociedad actual, contribuyendo a normalizar el duelo y romper el tab\u00fa de la muerte desde el primer momento<\/em>\u201d, a\u00f1ade Josep Ventura.<\/p><\/blockquote>\n<h2><\/h2>\n<h2 style=\"padding-left: 40px;\"><strong>La necesidad emocional de realizar la despedida con velatorios y ceremonias m\u00e1s personalizados<\/strong><\/h2>\n<p>&nbsp;<\/p>\n<p style=\"text-align: justify;\">Despu\u00e9s de los primeros dos a\u00f1os complejos a ra\u00edz de las restricciones por la pandemia, que dificultaron el momento de rendir el \u00faltimo adi\u00f3s y la posterior elaboraci\u00f3n del duelo,\u00a0en 2022 se ha recuperado la completa normalidad en tanatorios y cementerios.<\/p>\n<blockquote><p>\u201c<em>Los meses m\u00e1s duros de la Covid-19 nos\u00a0demostraron la importancia que tiene poder velar y despedirse del difunto para la posterior elaboraci\u00f3n del duelo.\u00a0Este a\u00f1o, las familias han podido celebrar de nuevo del ritual funerario como hac\u00edan antes de la pandemia, algo muy necesario emocionalmente<\/em>\u201d, remarca Josep Ventura.<\/p><\/blockquote>\n<p style=\"text-align: justify;\">En l\u00ednea con la importancia de rendir el \u00faltimo adi\u00f3s, \u00c1ltima ha puesto en marcha este a\u00f1o varios servicios para realizar una despedida m\u00e1s personalizada, que reflejan el momento de cambio de tendencias y h\u00e1bitos que vive la sociedad.<\/p>\n<p><img loading=\"lazy\" decoding=\"async\" class=\"size-full wp-image-2662 aligncenter\" src=\"https:\/\/alpar.com.co\/blog\/wp-content\/uploads\/altima26102022_3-650x317-1.gif\" alt=\"\" width=\"650\" height=\"317\" \/><\/p>\n<p style=\"text-align: justify;\">As\u00ed, la empresa ha creado\u00a0un\u00a0servicio de ceremonias al aire libre, pensadas para poder hacer un homenaje (religioso o laico) al ser querido en un entorno diferente y rodeado de naturaleza,\u00a0en los jardines del Tanatorio Ronda de Dalt de Barcelona. Ya sean en el exterior o en el oratorio, \u00c1ltima percibe que las ceremonias laicas van creciendo a\u00f1o tras a\u00f1o, y ya suponen el 26% del total de servicios, seg\u00fan datos de la compa\u00f1\u00eda de 2022.\u00a0La mayor\u00eda siguen siendo cat\u00f3licas (el 72 %) y el 2% de otras religiones. En este sentido,\u00a0\u00c1ltima tambi\u00e9n acaba de presentar\u00a0<em>Momentos compartidos<\/em>,\u00a0un\u00a0nuevo concepto de recordatorio pensado para el momento del velatorio, en el que las familias pueden escribir un \u00faltimo mensaje de despedida al ser querido,\u00a0en una tarjeta personal, y quedarse como recuerdo, una pulsera hecha de hilo.<\/p>\n<p><img loading=\"lazy\" decoding=\"async\" class=\"size-full wp-image-2664 aligncenter\" src=\"https:\/\/alpar.com.co\/blog\/wp-content\/uploads\/altima26102022_6-650x317-1.gif\" alt=\"\" width=\"650\" height=\"317\" \/><\/p>\n<p style=\"text-align: justify;\">Ante este nuevo contexto de cambios y de incertidumbre,\u00a0\u00c1ltima tambi\u00e9n pone de relieve la necesidad de recuperar el IVA reducido de los servicios funerarios, considerados esenciales y parte de la cadena sanitaria, que actualmente es del 21 %.<\/p>\n<h5><\/h5>\n<h2 style=\"padding-left: 40px;\"><strong>La incineraci\u00f3n supera el 52% y los cementerios se adaptan a las nuevas necesidades<\/strong><\/h2>\n<p>&nbsp;<\/p>\n<p style=\"text-align: left;\">Tras la aceleraci\u00f3n causada por la pandemia,\u00a0la incineraci\u00f3n se mantiene este a\u00f1o como la opci\u00f3n m\u00e1s demandada en el destino final. Actualmente, un 52,22% del total de los servicios funerarios en Catalu\u00f1a, seg\u00fan datos de 2021, optan por esta alternativa, que se ha duplicado en los \u00faltimos 15 a\u00f1os y que, respecto a 2020, ha aumentado cerca de un 3%.\u00a0En la provincia de Barcelona, la cremaci\u00f3n alcanza el 56,74%, mientras que en grandes n\u00facleos urbanos como Barcelona ciudad, ya\u00a0se acerca al 60%.<\/p>\n<h5><\/h5>\n<h2><strong>Destino final de las cenizas<\/strong><\/h2>\n<p>&nbsp;<\/p>\n<p style=\"text-align: justify;\">En l\u00ednea con esta tendencia, los cementerios catalanes se adaptan creando sepulturas y\u00a0espacios espec\u00edficos para el destino de las cenizas, como columbarios o jardines creados especialmente para esparcirlas de forma controlada.\u00a0En los \u00faltimos 10 a\u00f1os,\u00a0\u00c0ltima ha registrado un aumento de la demanda de este tipo de alternativas para cenizas de un 40%,\u00a0y la mayor\u00eda de los cementerios que gestiona la empresa en las comarcas donde opera ya disponen de ellos. Algunos, incluso, con opciones innovadoras y \u00fanicas en nuestro pa\u00eds, integradas en la naturaleza, como el\u00a0<em>Camino del bosque<\/em>\u00a0o la\u00a0<em>Fuente y Jard\u00edn del reposo<\/em>, en el Cementerio Comarcal de Roques Blanques, en el Papiol, o el\u00a0<em>Jard\u00edn de las amapolas<\/em>, en el Cementerio de Les Pruelles, en Sitges.<\/p>\n<p style=\"text-align: justify;\">Pese a las m\u00faltiples posibilidades, solo un 30% de las cenizas se quedan en los cementerios. \u201c<em>Muchas familias no saben qu\u00e9 hacer con ellas y las guardan durante a\u00f1os en casa, sin darles un destino adecuado, lo que dificulta la gesti\u00f3n del duelo.<\/em>\u00a0Otros, las dejan en la naturaleza, de forma no controlada, que representa un problema grave para el medio ambiente\u201d, reconoce Joan Ventura, consejero delegado de \u00c1ltima.<\/p>\n<p style=\"text-align: justify;\">Adem\u00e1s de los espacios para cenizas, los cementerios siguen contando con diversidad de sepulturas tradicionales como panteones, tumbas o nichos, para dar respuesta al casi 48% de la poblaci\u00f3n que se decanta por la inhumaci\u00f3n, una cifra que en n\u00facleos rurales puede llegar al 60%. Todas las opciones est\u00e1n abiertas a cualquier creencia, ya que los cementerios son espacios multiconfesionales, sin embargo, algunos de ellos, como el de Roques Blanques, cuentan con lugares espec\u00edficos para comunidades como la musulmana, con un recinto con 85 departamentos, o la bah\u00e1\u2019\u00ed, con una cincuentena de sepulturas.<\/p>\n<p>&nbsp;<\/p>\n<h2 style=\"padding-left: 40px;\"><strong>Espacios dedicados al duelo perinatal<\/strong><\/h2>\n<p>&nbsp;<\/p>\n<p style=\"text-align: justify;\">Asimismo,\u00a0\u00c1ltima tambi\u00e9n\u00a0ha ampliado en los \u00faltimos tres a\u00f1os los espacios dedicados al duelo perinatal\u00a0que, en muchos casos, permiten incorporar las cenizas del hijo o hija perdido prematuramente. Es el caso de los cementerios de Roques Blanques, Sant Vicen\u00e7 dels Horts, Sant Just Desvern, Sant Cugat del Vall\u00e8s, Castellar del Vall\u00e8s, Sant Pere de Ribes o Ripoll (y pr\u00f3ximamente, tambi\u00e9n, los del Prat de Llobregat, Viladecans y Vilanova y la Geltr\u00fa).<\/p>\n<p>&nbsp;<\/p>\n<h2 style=\"padding-left: 40px;\"><strong>Urna vida<\/strong><\/h2>\n<p>&nbsp;<\/p>\n<p style=\"text-align: justify;\">Por otra parte, alternativas como\u00a0<em>Urna vida<\/em>,\u00a0desarrollada por \u00c1ltima,\u00a0representan una opci\u00f3n para las familias que quieren dar un destino especial a las cenizas, manteni\u00e9ndolas en un entorno propio y controlado a la vez.\u00a0Inspirada en los terrarios de jardiner\u00eda, el concepto de esta urna esf\u00e9rica de cristal evoca el ciclo de la vida, integrando una porci\u00f3n de las cenizas, que se mezclan con la tierra para poder plantar diversas especies vegetales.<\/p>\n<p><img loading=\"lazy\" decoding=\"async\" class=\"size-full wp-image-2663 aligncenter\" src=\"https:\/\/alpar.com.co\/blog\/wp-content\/uploads\/altima26102022_5-650x317-1.gif\" alt=\"\" width=\"650\" height=\"317\" \/><\/p>\n<h2><\/h2>\n<h2 style=\"padding-left: 40px;\"><strong>Comportamiento sostenible<\/strong><\/h2>\n<p>&nbsp;<\/p>\n<h5><strong>Placas solares en los tanatorios y flota el\u00e9ctrica<\/strong><\/h5>\n<p style=\"text-align: justify;\">El compromiso de \u00c1ltima por la sostenibilidad est\u00e1 presente en todas las actuaciones de la empresa. Entre los \u00faltimos proyectos en marcha, cabe destacar un plan para\u00a0fomentar el autoconsumo energ\u00e9tico a trav\u00e9s de la instalaci\u00f3n de placas solares fotovoltaicas en diversos tanatorios.\u00a0La iniciativa, que ya se ha puesto en marcha en Vilafranca del Pened\u00e8s, se llevar\u00e1 a cabo progresivamente en los centros de Ronda de Dalt, en Barcelona, Sitges, Castelldefels-Gav\u00e0 y Figueres, con la previsi\u00f3n de que se alcance un ahorro medio de consumo energ\u00e9tico del 50%. En l\u00ednea con la eficiencia energ\u00e9tica, \u00c1ltima tambi\u00e9n est\u00e1\u00a0inmersa en el proceso de sustituci\u00f3n de la flota de veh\u00edculos el\u00e9ctricos, que ser\u00e1 100% el\u00e9ctrica en 2024.\u00a0Actualmente,\u00a0ya ha incorporado 37 unidades de un total de 70 (el 52% del total de la compa\u00f1\u00eda) que dan servicio principalmente a los centros del Baix Llobregat, Barcelon\u00e8s, Garraf, Pened\u00e8s y Alt Camp.<\/p>\n<h5><strong>Planta viva<\/strong><\/h5>\n<p style=\"text-align: justify;\">Tambi\u00e9n el\u00a0servicio\u00a0<em>Planta viva<\/em>, puesto en marcha el pasado a\u00f1o y consistente en la creaci\u00f3n de ofrendas florales con plantas vivas y de proximidad, ha permitido reducir la huella de carbono de la empresa al conseguir la reducci\u00f3n del uso de flor corta importada.<\/p>\n<h5><strong>F\u00e9retros sostenibles<\/strong><\/h5>\n<p style=\"text-align: justify;\">Finalmente, tambi\u00e9n debe tenerse en cuenta la promoci\u00f3n del uso de f\u00e9retros sostenibles (libres de barnices, tejidos sint\u00e9ticos, cristales o elementos met\u00e1licos), que ya representan el 100% de los que \u00c1ltima usa en las incineraciones. Tambi\u00e9n, el 68% de las urnas son biodegradables, elaboradas con arcillas, sal o madera natural.<\/p>\n<h5><strong>Festividad de Todos los Santos<\/strong><\/h5>\n<p style=\"text-align: justify;\">Los\u00a0cementerios evolucionamos junto a la sociedad, dando respuesta a las nuevas necesidades de las personas y el contexto, en cada momento.\u00a0En este sentido, Todos los Santos es una de las fechas m\u00e1s importantes en nuestra cultura, dedicada al recuerdo de los difuntos, pero las tradiciones cambian. Tal y como reconoce desde \u00c1ltima Joan Ventura, \u201c<em>actualmente, la festividad de Todos los Santos se vive de forma diferente a como se hac\u00eda hace 50 a\u00f1os, sobre todo porque el tab\u00fa social hacia el luto y la muerte ha ido en aumento<\/em>\u201c.<\/p>\n<p style=\"text-align: justify;\">Con la voluntad de poder contribuir a romper los prejuicios que rodean a los cementerios,\u00a0este a\u00f1o \u00c1ltima ha planteado una nueva forma de celebrar Todos los Santos desde Roques Blanques.\u00a0Junto con la\u00a0<em>startup<\/em>\u00a0Iteralix,\u00a0el recinto ha programado diversas actividades que tienen por objetivo homenajear a los difuntos de formas diferentes: desde una jornada de meditaci\u00f3n en medio de la naturaleza del cementerio, hasta una performance de danza, una ceremonia en el aire libre con m\u00fasica en directo o paradas de casta\u00f1as e infusiones. \u201c<em>Creemos en la importancia de continuar conmemorando este d\u00eda de forma diferente, a trav\u00e9s de actividades que faciliten la percepci\u00f3n de los cementerios como espacios de recuerdo y reposo, pero que a su vez contribuyan a acercarlos de forma natural a la sociedad.<\/em>\u00a0En definitiva, que nos ayuden a normalizar la muerte y a integrarla como lo que realmente es, parte de la vida\u201d, concluye Joan Ventura.<\/p>\n<hr \/>\n<p><em><strong>Fuente:<\/strong> Revista Funeraria (26 de octubre de 2022): <a href=\"https:\/\/revistafuneraria.com\/artus-el-nuevo-feretro-personalizable-disenado-por-altima\/\" target=\"_blank\" rel=\"noreferrer noopener\" aria-label=\"www.revistafuneraria.com (abre en una nueva pesta\u00f1a)\">www.revistafuneraria.com<\/a><\/em><\/p>\n","protected":false},"excerpt":{"rendered":"<p>Con el fin de continuar prestando unos servicios funerarios adaptados a las necesidades de la sociedad, m\u00e1s personalizados e innovadores, \u00c1ltima, empresa afiliada a ALPAR en Espa\u00f1a, ha dise\u00f1ado Artus, un nuevo modelo de f\u00e9retro con tapa de pizarra para que las familias puedan expresarse a trav\u00e9s de mensajes y dibujos, en recuerdo al difunto [&hellip;]<\/p>\n","protected":false},"author":106,"featured_media":2660,"comment_status":"open","ping_status":"open","sticky":false,"template":"","format":"standard","meta":{"_et_pb_use_builder":"","_et_pb_old_content":"","_et_gb_content_width":"","footnotes":""},"categories":[3],"tags":[],"class_list":["post-2659","post","type-post","status-publish","format-standard","has-post-thumbnail","hentry","category-articulos"],"_links":{"self":[{"href":"https:\/\/alpar.com.co\/blog\/wp-json\/wp\/v2\/posts\/2659","targetHints":{"allow":["GET"]}}],"collection":[{"href":"https:\/\/alpar.com.co\/blog\/wp-json\/wp\/v2\/posts"}],"about":[{"href":"https:\/\/alpar.com.co\/blog\/wp-json\/wp\/v2\/types\/post"}],"author":[{"embeddable":true,"href":"https:\/\/alpar.com.co\/blog\/wp-json\/wp\/v2\/users\/106"}],"replies":[{"embeddable":true,"href":"https:\/\/alpar.com.co\/blog\/wp-json\/wp\/v2\/comments?post=2659"}],"version-history":[{"count":2,"href":"https:\/\/alpar.com.co\/blog\/wp-json\/wp\/v2\/posts\/2659\/revisions"}],"predecessor-version":[{"id":2667,"href":"https:\/\/alpar.com.co\/blog\/wp-json\/wp\/v2\/posts\/2659\/revisions\/2667"}],"wp:featuredmedia":[{"embeddable":true,"href":"https:\/\/alpar.com.co\/blog\/wp-json\/wp\/v2\/media\/2660"}],"wp:attachment":[{"href":"https:\/\/alpar.com.co\/blog\/wp-json\/wp\/v2\/media?parent=2659"}],"wp:term":[{"taxonomy":"category","embeddable":true,"href":"https:\/\/alpar.com.co\/blog\/wp-json\/wp\/v2\/categories?post=2659"},{"taxonomy":"post_tag","embeddable":true,"href":"https:\/\/alpar.com.co\/blog\/wp-json\/wp\/v2\/tags?post=2659"}],"curies":[{"name":"wp","href":"https:\/\/api.w.org\/{rel}","templated":true}]}}