{"id":2698,"date":"2023-01-12T17:35:48","date_gmt":"2023-01-12T22:35:48","guid":{"rendered":"https:\/\/alpar.com.co\/blog\/?p=2698"},"modified":"2023-01-13T11:08:59","modified_gmt":"2023-01-13T16:08:59","slug":"altima-pone-en-marcha-el-tanatorio-altima-sant-andreu-nou-barris","status":"publish","type":"post","link":"https:\/\/alpar.com.co\/blog\/altima-pone-en-marcha-el-tanatorio-altima-sant-andreu-nou-barris\/","title":{"rendered":"\u00c1ltima pone en marcha el Tanatorio \u00c1ltima Sant Andreu \u2013 Nou Barris"},"content":{"rendered":"<p style=\"text-align: justify;\">El mi\u00e9rcoles,14 de diciembre de 2022, tuvo lugar el acto de inauguraci\u00f3n del <em>Tanatorio \u00c1ltima Sant Andreu \u2013 Nou Barris<\/em>. Se trata del segundo centro que la empresa funeraria, pone en funcionamiento en Barcelona. El acto ha contado con la presencia de Jordi Vi\u00f1as, consejero delegado de \u00c1ltima, empresa afiliada a ALPAR en Espa\u00f1a; Jaume Echaurren, director general de la compa\u00f1\u00eda, y Montse Reym\u00f3ndez, gerente de la empresa en Barcelona, entre otros representantes del grupo. Asimismo, tambi\u00e9n ha asistido el equipo de Batlle i Roig Arquitectura, el estudio responsable de la proyecci\u00f3n del equipamiento funerario, adem\u00e1s de varios miembros del sector funerario.<\/p>\n<h1><\/h1>\n<h1><strong>Acto inaugural<\/strong><\/h1>\n<p style=\"text-align: justify;\">El Tanatorio \u00c1ltima Sant Andreu \u2013 Nou Barris est\u00e1 situado en la Avenida Rio de Janeiro, 55-57 (al norte de la mas\u00eda de Can Valent y al lado del Cementerio Municipal de Sant Andreu). Representa un\u00a0nuevo equipamiento de servicios esenciales para estos distritos barceloneses, pr\u00f3ximo y bien conectado con los barrios y la ciudad.<\/p>\n<blockquote><p>\u201cA\u00a0<em>trav\u00e9s de esta nueva instalaci\u00f3n, moderna, altamente funcional e integrada en el entorno,\u00a0ampliamos la presencia en Barcelona, donde estamos prestando servicio desde hace m\u00e1s de 15 a\u00f1os a trav\u00e9s del Tanatorio \u00c1ltima Ronda de Dalt y de oficinas distribuidas en diversos puntos de la ciudad<\/em>\u201c.\u00a0As\u00ed lo ha manifestado durante el acto de inauguraci\u00f3n el consejero delegado de \u00c1ltima, Jordi Vi\u00f1as.<\/p><\/blockquote>\n<p style=\"text-align: justify;\">Asimismo, el director general de la empresa, Jaume Echaurren, ha puesto de relieve \u201c<em>el\u00a0refuerzo de la proximidad con la ciudadan\u00eda, teniendo muy en cuenta las necesidades de la sociedad de hoy, a trav\u00e9s de la prestaci\u00f3n de un servicio funerario de m\u00e1xima calidad\u00a0en la capital catalana<\/em>\u201c.<\/p>\n<p style=\"text-align: justify;\">Por su parte, la gerente de \u00c0ltima en Barcelona, Montse Reym\u00f3ndez, ha remarcado las caracter\u00edsticas especiales del nuevo centro:<\/p>\n<blockquote><p>\u201c<em>Est\u00e1<\/em>\u00a0p<em>ensado para acompa\u00f1ar a las familias, con espacios amplios y confortables, donde tambi\u00e9n\u00a0incorporamos la \u00faltima tecnolog\u00eda, como la proyecci\u00f3n de im\u00e1genes en grandes pantallas en el oratorio.<\/em>\u00a0Adem\u00e1s de apostar por un planteamiento sostenible y eficiente energ\u00e9ticamente\u201d.<\/p><\/blockquote>\n<h1><img loading=\"lazy\" decoding=\"async\" class=\"size-full wp-image-2699 aligncenter\" src=\"https:\/\/alpar.com.co\/blog\/wp-content\/uploads\/altima14122022_-3-650x317-1.jpg\" alt=\"\" width=\"650\" height=\"317\" srcset=\"https:\/\/alpar.com.co\/blog\/wp-content\/uploads\/altima14122022_-3-650x317-1.jpg 650w, https:\/\/alpar.com.co\/blog\/wp-content\/uploads\/altima14122022_-3-650x317-1-480x234.jpg 480w\" sizes=\"(min-width: 0px) and (max-width: 480px) 480px, (min-width: 481px) 650px, 100vw\" \/><\/h1>\n<p>&nbsp;<\/p>\n<h1><strong>Segundo centro en la Ciudad Condal<\/strong><\/h1>\n<p style=\"text-align: justify;\">El Tanatorio \u00c1ltima Sant Andreu \u2013 Nou Barris est\u00e1 abierto a todas las personas que soliciten sus servicios, tanto si disponen como si no de seguro de defunci\u00f3n, las 24 horas de los 365 d\u00edas del a\u00f1o. Es el\u00a0segundo centro que la empresa funeraria pone en marcha en Barcelona, donde ya comenz\u00f3 a prestar servicio en febrero de 2006, con la entrada en funcionamiento del Tanatorio \u00c1ltima Ronda de Dalt\u00a0(Scala Dei, 17-37), en el distrito de Horta-Guinard\u00f3. La compa\u00f1\u00eda tambi\u00e9n dispone de\u00a0cuatro oficinas distribuidas por toda la ciudad,\u00a0en los hospitales de la Santa Creu i Sant Pau, Cl\u00ednic y Vall d\u2019Hebron, as\u00ed como en la calle Sancho de \u00c1vila, 9.<\/p>\n<p style=\"text-align: justify;\">En la comarca del Barcelon\u00e8s, \u00c1ltima tambi\u00e9n gestiona dos tanatorios en Hospitalet de Llobregat (L\u2019Hospitalet-Ronda y L\u2019Hospitalet Gran Via). Adem\u00e1s, tiene presencia en municipios como Sant Adri\u00e0 de Bes\u00f2s, a trav\u00e9s del Tanatorio Litoral, y en Santa Coloma de Gramenet. Con la incorporaci\u00f3n del nuevo equipamiento de Sant Andreu \u2013 Nou Barris,\u00a0la compa\u00f1\u00eda\u00a0gestiona un total de 36 tanatorios, 11 complejos crematorios y 18 cementerios en Catalu\u00f1a y Baleares.<\/p>\n<h1><\/h1>\n<h1><strong>Bien conectado, accesible y con todos los servicios<\/strong><\/h1>\n<p style=\"text-align: justify;\">Con una\u00a0superficie construida de 1.461,12 metros cuadrados y 938 metros cuadrados \u00fatiles, distribuidos en planta baja y accesibles directamente desde la calle, el nuevo Tanatorio \u00c1ltima Sant Andreu \u2013 Nou Barris se encuentra integrado en el entorno de la mas\u00eda de Can Valent, gracias a una fachada de formas simples que respeta la singularidad de este edificio hist\u00f3rico del barrio.\u00a0Con el objetivo de generar el menor impacto visual, el edificio incluye patios y p\u00e9rgolas, as\u00ed como una cubierta inclinada parcialmente verde.<\/p>\n<p style=\"text-align: justify;\">El centro est\u00e1 planteado para que la\u00a0estancia de las personas usuarias sea lo m\u00e1s c\u00f3moda y confortable posible, a partir de elementos que les faciliten la intimidad y la privacidad, as\u00ed como la movilidad, con espacios amplios y de f\u00e1cil acceso.\u00a0Acoge cuatro salas de velatorio, todas con luz natural y con dos zonas bien diferenciadas: una para la estancia de la familia, con ba\u00f1o privado, guardarropa y zona para refrigerio, y otra destinada al difunto.<\/p>\n<p style=\"text-align: justify;\">El edificio dispone tambi\u00e9n de un\u00a0gran oratorio multiconfesional, con capacidad para 153 personas, que permite celebrar ceremonias religiosas o laicas. El espacio, con luz natural, est\u00e1 preparado t\u00e9cnicamente para poder rendir un homenaje personalizado al difunto a trav\u00e9s de la proyecci\u00f3n de im\u00e1genes en pantallas de grandes dimensiones, ya que est\u00e1 equipado con la \u00faltima tecnolog\u00eda audiovisual.<\/p>\n<p style=\"text-align: justify;\">Asimismo, el centro cuenta con un\u00a0espacio de recepci\u00f3n, dos despachos de atenci\u00f3n de las familias, sala de espera destinada principalmente a la entrega de la urna cineraria, expositor de flores y zona com\u00fan de cafeter\u00eda o vending. La instalaci\u00f3n contempla, tambi\u00e9n, una zona de acceso privado para el personal interno, donde se encuentra la sala de tanatopraxia, entre otras dependencias t\u00e9cnicas. Asimismo, \u00c1ltima facilita la posibilidad de aparcamiento en la proximidad del centro a las familias usuarias.<\/p>\n<h5><\/h5>\n<h1><strong>Planteamiento sostenible\u00a0<\/strong><\/h1>\n<p style=\"text-align: justify;\">Proyectado por el estudio de arquitectura Batlle i Roig, en la construcci\u00f3n del\u00a0Tanatorio \u00c1ltima Sant Andreu \u2013 Nou Barris\u00a0se han priorizado criterios de sostenibilidad y de ahorro energ\u00e9ticos.\u00a0Todo ello,\u00a0con el objetivo de ser un equipamiento eficiente y que su impacto ambiental sea m\u00ednimo.\u00a0En este sentido, destaca la\u00a0instalaci\u00f3n de 166 placas solares, para garantizar el autoconsumo energ\u00e9tico del edificio.<\/p>\n<p style=\"text-align: justify;\">Asimismo, se han tenido en cuenta\u00a0elementos respetuosos con el entorno.\u00a0Entre ellos,\u00a0la construcci\u00f3n de las fachadas con ladrillos cara vista de fabricaci\u00f3n ecomanual.\u00a0\u00c9stos, adem\u00e1s de\u00a0evitar emisiones de CO2 (gracias al uso exclusivo de biog\u00e1s durante su proceso de elaboraci\u00f3n), armonizan con el muro que cierra el cementerio\u00a0de Sant Andreu.<\/p>\n<h1><\/h1>\n<h1><strong>Luz natural, bajo consumo y aislamiento t\u00e9rmico<\/strong><\/h1>\n<p style=\"text-align: justify;\">Tambi\u00e9n se ha tenido presente el\u00a0aprovechamiento de la luz natural en todos los espacios y la incorporaci\u00f3n de iluminaci\u00f3n de bajo consumo tipo LED en todas las estancias y exteriores, con temporizaci\u00f3n de uso para priorizar la luz natural.\u00a0Tambi\u00e9n\u00a0la utilizaci\u00f3n de cristales espec\u00edficos para mejorar el aislamiento t\u00e9rmico y ac\u00fastico\u00a0del tanatorio. Se ha instalado, adem\u00e1s, un sistema de climatizaci\u00f3n con gesti\u00f3n del ahorro energ\u00e9tico, con potencial de agotamiento de ozono (ODP) cero. Tanto en la vegetaci\u00f3n de la cubierta y de los otros espacios verdes del equipamiento, se ha hecho uso exclusivamente de especies aut\u00f3ctonas con necesidades h\u00eddricas bajas, con el fin de favorecer el ahorro de agua.<\/p>\n<h5><\/h5>\n<h1><strong>Servicios respetuosos con el entorno<\/strong><\/h1>\n<p style=\"text-align: justify;\">En l\u00ednea con la sostenibilidad, \u00c1ltima tambi\u00e9n ofrecer\u00e1\u00a0servicios respetuosos con el medio ambiente\u00a0desde el nuevo equipamiento. Entre ello, Planta viva, una iniciativa que apuesta por el uso de plantas vivas en flor, de cultivos de temporada y de proximidad, que se colocan en macetas, manualmente, sobre una estructura en forma de corona o centro. Contribuye as\u00ed a reducir la huella de carbono, ya que evita las mermas y residuos de flor cortada, as\u00ed como la importaci\u00f3n de estas flores. El servicio, que ya se lleva a cabo en el Tanatorio \u00c1ltima Ronda de Dalt, permite que las especies ornamentales utilizadas durante el funeral se entreguen posteriormente a las personas asistentes, a modo de recordatorio, en unos portamacetas personalizados.<\/p>\n<h5><\/h5>\n<h1><strong>Movilidad sostenible<\/strong><\/h1>\n<p style=\"text-align: justify;\">En el \u00e1mbito de la movilidad sostenible, \u00c1ltima tambi\u00e9n\u00a0reforzar\u00e1 el uso de los veh\u00edculos el\u00e9ctricos en todos sus desplazamientos.\u00a0Esto llega\u00a0fruto del compromiso iniciado por la empresa hace m\u00e1s de un a\u00f1o, consistente en la renovaci\u00f3n progresiva de toda su flota (coches f\u00fanebres, ambulancias y veh\u00edculos comerciales) para que sea totalmente enchufable en 2024. Actualmente, \u00c1ltima ya se desplaza exclusivamente con esta energ\u00eda en todos los servicios que lleva a cabo en el Barcelon\u00e8s.<\/p>\n<hr \/>\n<p>Un aporte de Gesti\u00f3 Integral Cementiris S.L.<br \/>\nMiembro de ALPAR en Espa\u00f1a.<\/p>\n","protected":false},"excerpt":{"rendered":"<p>El mi\u00e9rcoles,14 de diciembre de 2022, tuvo lugar el acto de inauguraci\u00f3n del Tanatorio \u00c1ltima Sant Andreu \u2013 Nou Barris. Se trata del segundo centro que la empresa funeraria, pone en funcionamiento en Barcelona. El acto ha contado con la presencia de Jordi Vi\u00f1as, consejero delegado de \u00c1ltima, empresa afiliada a ALPAR en Espa\u00f1a; Jaume [&hellip;]<\/p>\n","protected":false},"author":106,"featured_media":2700,"comment_status":"open","ping_status":"open","sticky":false,"template":"","format":"standard","meta":{"_et_pb_use_builder":"","_et_pb_old_content":"","_et_gb_content_width":"","footnotes":""},"categories":[3],"tags":[],"class_list":["post-2698","post","type-post","status-publish","format-standard","has-post-thumbnail","hentry","category-articulos"],"_links":{"self":[{"href":"https:\/\/alpar.com.co\/blog\/wp-json\/wp\/v2\/posts\/2698","targetHints":{"allow":["GET"]}}],"collection":[{"href":"https:\/\/alpar.com.co\/blog\/wp-json\/wp\/v2\/posts"}],"about":[{"href":"https:\/\/alpar.com.co\/blog\/wp-json\/wp\/v2\/types\/post"}],"author":[{"embeddable":true,"href":"https:\/\/alpar.com.co\/blog\/wp-json\/wp\/v2\/users\/106"}],"replies":[{"embeddable":true,"href":"https:\/\/alpar.com.co\/blog\/wp-json\/wp\/v2\/comments?post=2698"}],"version-history":[{"count":3,"href":"https:\/\/alpar.com.co\/blog\/wp-json\/wp\/v2\/posts\/2698\/revisions"}],"predecessor-version":[{"id":2704,"href":"https:\/\/alpar.com.co\/blog\/wp-json\/wp\/v2\/posts\/2698\/revisions\/2704"}],"wp:featuredmedia":[{"embeddable":true,"href":"https:\/\/alpar.com.co\/blog\/wp-json\/wp\/v2\/media\/2700"}],"wp:attachment":[{"href":"https:\/\/alpar.com.co\/blog\/wp-json\/wp\/v2\/media?parent=2698"}],"wp:term":[{"taxonomy":"category","embeddable":true,"href":"https:\/\/alpar.com.co\/blog\/wp-json\/wp\/v2\/categories?post=2698"},{"taxonomy":"post_tag","embeddable":true,"href":"https:\/\/alpar.com.co\/blog\/wp-json\/wp\/v2\/tags?post=2698"}],"curies":[{"name":"wp","href":"https:\/\/api.w.org\/{rel}","templated":true}]}}