{"id":2717,"date":"2023-01-26T10:42:12","date_gmt":"2023-01-26T15:42:12","guid":{"rendered":"https:\/\/alpar.com.co\/blog\/?p=2717"},"modified":"2023-01-27T08:10:24","modified_gmt":"2023-01-27T13:10:24","slug":"parque-del-prado-logra-renovacion-de-la-certificacion-iso-90012015-sobre-calidad","status":"publish","type":"post","link":"https:\/\/alpar.com.co\/blog\/parque-del-prado-logra-renovacion-de-la-certificacion-iso-90012015-sobre-calidad\/","title":{"rendered":"Parque del Prado logra renovaci\u00f3n de la certificaci\u00f3n ISO 9001:2015 sobre calidad"},"content":{"rendered":"<p style=\"text-align: justify;\">Parque del Prado, empresa afiliada a ALPAR en Rep\u00fablica Dominicana, logr\u00f3 la renovaci\u00f3n de la certificaci\u00f3n<em> ISO 9001:2015<\/em> sobre sistema de gesti\u00f3n de calidad, lo que evidencia el mantenimiento de los est\u00e1ndares que reflejan los niveles de respeto e integridad en el cumplimiento de los protocolos para los servicios que ofrece. De igual forma, la empresa recibi\u00f3 por cuarta ocasi\u00f3n la certificaci\u00f3n bajo la <em>Norma UNE-EN 15017:2006<\/em> para servicios funerarios, evidenciando el crecimiento y solidez del grupo empresarial.<\/p>\n<p style=\"text-align: justify;\">El cumplimiento de la norma UNE 15017 y, por tanto, su certificaci\u00f3n, implica una revisi\u00f3n de las disposiciones legales que son aplicables al sector, adem\u00e1s de ofrecer un sistema de gesti\u00f3n dise\u00f1ado propiamente para la calidad de los servicios funerarios, inhumaci\u00f3n, velaci\u00f3n y cremaci\u00f3n tanto de humanos como de mascotas.<\/p>\n<p style=\"text-align: justify;\">La rigurosa auditor\u00eda estuvo a cargo de la empresa espa\u00f1ola AENOR, quienes entregaron los nuevos certificados de manos de su director en Rep\u00fablica Dominicana, Ariel Espejo, siendo recibidos por Gina Victoriano Collado, vicepresidenta ejecutiva de Parque del Prado.<\/p>\n<p style=\"text-align: justify;\">Victoriano valor\u00f3 el esfuerzo y la dedicaci\u00f3n de todos los colaboradores de la empresa y destac\u00f3 que esto evidencia que el Sistema de Gesti\u00f3n Integrado, sigue siendo una herramienta muy poderosa que contribuye a aportar en la sostenibilidad y crecimiento de Parque del Prado y del sector funerario de la Rep\u00fablica Dominicana.<\/p>\n<blockquote>\n<p style=\"text-align: justify;\"><em>\u201cEste esfuerzo de gesti\u00f3n integrada sigue confirm\u00e1ndonos que hemos transitado por el camino correcto, apoyados en brindar un servicio y compromiso de calidad en la gesti\u00f3n efectiva de los servicios funerarios, as\u00ed como la mejora continua como parte de nuestra esencia para seguir enarbolando la bandera de la eficiencia, calidad, y cuidado sostenible\u201d, <\/em>sostuvo Gina Victoriano.<\/p>\n<\/blockquote>\n<p style=\"text-align: justify;\">De su lado, Ariel Espejo destac\u00f3 que \u201cnos satisface el hecho de que este sector se sume a incorporar y mantener altos est\u00e1ndares bajo el compromiso de proveer servicios eficientes, dignos y de calidad en momentos tan sensibles\u201d.<\/p>\n<p>&nbsp;<\/p>\n<p><strong>Sobre Parque del Prado <\/strong><\/p>\n<p style=\"text-align: justify;\">El camposanto Parque del Prado promueve y certifica total cumplimiento con las licencias y permisos del Ayuntamiento Municipal de Guerra, Ayuntamiento de Santo Domingo Este, Ministerio de Salud P\u00fablica y Asistencia Social (MSP) y el Ministerio de Medio Ambiente y Recursos Naturales.<\/p>\n<p style=\"text-align: justify;\">Desde sus inicios, la empresa ha apostado por la organizaci\u00f3n y potenciaci\u00f3n de la profesionalizaci\u00f3n de sus recursos, implementando normas que le permiten la eficiencia, prontitud y la tranquilidad que necesitan sus asociados en los momentos m\u00e1s dif\u00edciles.<\/p>\n<p style=\"text-align: justify;\">Parque del Prado cuenta con un sistema integral de servicios que permite el desarrollo del negocio de una manera sostenible.<\/p>\n<p>&nbsp;<\/p>\n<p><strong>Sobre AENOR<\/strong><\/p>\n<p style=\"text-align: justify;\">AENOR es una empresa espa\u00f1ola presente en 90 pa\u00edses y l\u00edder en el impulso de una cultura de calidad, consolidada como organismo de certificaci\u00f3n que genera m\u00e1s confianza en las organizaciones. En Rep\u00fablica Dominicana est\u00e1 presente desde hace 13 a\u00f1os, certificando a las m\u00e1s importantes organizaciones de los sectores p\u00fablico, privado y sin fines de lucro, en materia de calidad, medioambiente, seguridad, entre otras.<\/p>\n<hr \/>\n<p>Un aporte de Parque del Prado<br \/>\nMiembro ALPAR en Rep\u00fablica Dominicana.<\/p>\n","protected":false},"excerpt":{"rendered":"<p>Parque del Prado, empresa afiliada a ALPAR en Rep\u00fablica Dominicana, logr\u00f3 la renovaci\u00f3n de la certificaci\u00f3n ISO 9001:2015 sobre sistema de gesti\u00f3n de calidad, lo que evidencia el mantenimiento de los est\u00e1ndares que reflejan los niveles de respeto e integridad en el cumplimiento de los protocolos para los servicios que ofrece. De igual forma, la [&hellip;]<\/p>\n","protected":false},"author":106,"featured_media":2718,"comment_status":"open","ping_status":"open","sticky":false,"template":"","format":"standard","meta":{"_et_pb_use_builder":"","_et_pb_old_content":"","_et_gb_content_width":"","footnotes":""},"categories":[3],"tags":[],"class_list":["post-2717","post","type-post","status-publish","format-standard","has-post-thumbnail","hentry","category-articulos"],"_links":{"self":[{"href":"https:\/\/alpar.com.co\/blog\/wp-json\/wp\/v2\/posts\/2717","targetHints":{"allow":["GET"]}}],"collection":[{"href":"https:\/\/alpar.com.co\/blog\/wp-json\/wp\/v2\/posts"}],"about":[{"href":"https:\/\/alpar.com.co\/blog\/wp-json\/wp\/v2\/types\/post"}],"author":[{"embeddable":true,"href":"https:\/\/alpar.com.co\/blog\/wp-json\/wp\/v2\/users\/106"}],"replies":[{"embeddable":true,"href":"https:\/\/alpar.com.co\/blog\/wp-json\/wp\/v2\/comments?post=2717"}],"version-history":[{"count":1,"href":"https:\/\/alpar.com.co\/blog\/wp-json\/wp\/v2\/posts\/2717\/revisions"}],"predecessor-version":[{"id":2719,"href":"https:\/\/alpar.com.co\/blog\/wp-json\/wp\/v2\/posts\/2717\/revisions\/2719"}],"wp:featuredmedia":[{"embeddable":true,"href":"https:\/\/alpar.com.co\/blog\/wp-json\/wp\/v2\/media\/2718"}],"wp:attachment":[{"href":"https:\/\/alpar.com.co\/blog\/wp-json\/wp\/v2\/media?parent=2717"}],"wp:term":[{"taxonomy":"category","embeddable":true,"href":"https:\/\/alpar.com.co\/blog\/wp-json\/wp\/v2\/categories?post=2717"},{"taxonomy":"post_tag","embeddable":true,"href":"https:\/\/alpar.com.co\/blog\/wp-json\/wp\/v2\/tags?post=2717"}],"curies":[{"name":"wp","href":"https:\/\/api.w.org\/{rel}","templated":true}]}}