{"id":2727,"date":"2023-02-16T15:13:39","date_gmt":"2023-02-16T20:13:39","guid":{"rendered":"https:\/\/alpar.com.co\/blog\/?p=2727"},"modified":"2023-02-17T10:49:47","modified_gmt":"2023-02-17T15:49:47","slug":"campoecuador-primera-empresa-de-la-industria-funeraria-en-sudamerica-en-recibir-certificacion-carbono-neutralidad","status":"publish","type":"post","link":"https:\/\/alpar.com.co\/blog\/campoecuador-primera-empresa-de-la-industria-funeraria-en-sudamerica-en-recibir-certificacion-carbono-neutralidad\/","title":{"rendered":"CAMPOECUADOR, primera empresa de la Industria Funeraria en Sudam\u00e9rica en recibir certificaci\u00f3n carbono neutralidad"},"content":{"rendered":"<p style=\"text-align: justify;\">Con un acto p\u00fablico desarrollado el 25 de noviembre de 2022, en su camposanto principal ubicado en la parroquia La Aurora de la Provincia del Guayas, CAMPOECUADOR S.A., empresa afiliada a ALPAR en Ecuador, se convirti\u00f3 en la primera empresa de la Industria Funeraria en Sudam\u00e9rica que obtiene la certificaci\u00f3n Carbono Neutralidad.<\/p>\n<p style=\"text-align: justify;\"><a href=\"https:\/\/alpar.com.co\/blog\/wp-content\/uploads\/DSC09602.jpg\"><img loading=\"lazy\" decoding=\"async\" class=\"alignright wp-image-2732\" src=\"https:\/\/alpar.com.co\/blog\/wp-content\/uploads\/DSC09602.jpg\" alt=\"\" width=\"170\" height=\"336\" srcset=\"https:\/\/alpar.com.co\/blog\/wp-content\/uploads\/DSC09602.jpg 253w, https:\/\/alpar.com.co\/blog\/wp-content\/uploads\/DSC09602-152x300.jpg 152w\" sizes=\"(max-width: 170px) 100vw, 170px\" \/><\/a>Ser \u00abcarbono neutral\u00bb significa que el resultado final de una actividad, un proceso o un proyecto tal como la producci\u00f3n de un bien, la provisi\u00f3n de un servicio o su consumo no haya emitido m\u00e1s gases efecto invernadero a la atm\u00f3sfera que los que hayan podido capturar o remover.<\/p>\n<p style=\"text-align: justify;\">Esta certificaci\u00f3n llega luego del desarrollo de proyectos de eficiencia energ\u00e9tica en sus instalaciones y la compensaci\u00f3n de sus emisiones en proyectos de las Naciones Unidas y pone a CAMPOECUADOR S.A. a trav\u00e9s de su marca Parque de la Paz Camposantos y Servicios, a la vanguardia en temas de sostenibilidad y cuidado del medio ambiente.<\/p>\n<blockquote><p><em>\u201cEstamos convencidos que tenemos que seguir trabajando, porque nuestro prop\u00f3sito de cuidar recuerdos requiere justamente de un planeta que sea sostenible\u2026\u201d,<\/em> mencion\u00f3 Fernando Flores Gallardo, Presidente de la compa\u00f1\u00eda.<\/p><\/blockquote>\n<p style=\"text-align: justify;\">Durante el evento, al que asistieron representantes de las empresas Agrouniversal y Sambito, se resalt\u00f3 el trabajo mancomunado de los colaboradores que desempe\u00f1aron acciones fundamentales para obtener este logro.<\/p>\n<p style=\"text-align: justify;\">Entre los proyectos que desarrolla CAMPOECUADOR S.A. se encuentra la comercializaci\u00f3n de productos ecoamigables, la instalaci\u00f3n de paneles solares, la implementaci\u00f3n de una electrolinera y la adecuaci\u00f3n de la primera carroza el\u00e9ctrica en el pa\u00eds.<\/p>\n<p><img loading=\"lazy\" decoding=\"async\" class=\"size-full wp-image-2731 aligncenter\" src=\"https:\/\/alpar.com.co\/blog\/wp-content\/uploads\/DSC09498-1.jpg\" alt=\"\" width=\"1000\" height=\"563\" srcset=\"https:\/\/alpar.com.co\/blog\/wp-content\/uploads\/DSC09498-1.jpg 1000w, https:\/\/alpar.com.co\/blog\/wp-content\/uploads\/DSC09498-1-980x552.jpg 980w, https:\/\/alpar.com.co\/blog\/wp-content\/uploads\/DSC09498-1-480x270.jpg 480w\" sizes=\"(min-width: 0px) and (max-width: 480px) 480px, (min-width: 481px) and (max-width: 980px) 980px, (min-width: 981px) 1000px, 100vw\" \/><\/p>\n<hr \/>\n<p>Un aporte de Camposanto Parque de la Paz<br \/>\nMiembro ALPAR en Ecuador.<\/p>\n","protected":false},"excerpt":{"rendered":"<p>Con un acto p\u00fablico desarrollado el 25 de noviembre de 2022, en su camposanto principal ubicado en la parroquia La Aurora de la Provincia del Guayas, CAMPOECUADOR S.A., empresa afiliada a ALPAR en Ecuador, se convirti\u00f3 en la primera empresa de la Industria Funeraria en Sudam\u00e9rica que obtiene la certificaci\u00f3n Carbono Neutralidad. Ser \u00abcarbono neutral\u00bb [&hellip;]<\/p>\n","protected":false},"author":106,"featured_media":2728,"comment_status":"open","ping_status":"open","sticky":false,"template":"","format":"standard","meta":{"_et_pb_use_builder":"","_et_pb_old_content":"","_et_gb_content_width":"","footnotes":""},"categories":[3],"tags":[],"class_list":["post-2727","post","type-post","status-publish","format-standard","has-post-thumbnail","hentry","category-articulos"],"_links":{"self":[{"href":"https:\/\/alpar.com.co\/blog\/wp-json\/wp\/v2\/posts\/2727","targetHints":{"allow":["GET"]}}],"collection":[{"href":"https:\/\/alpar.com.co\/blog\/wp-json\/wp\/v2\/posts"}],"about":[{"href":"https:\/\/alpar.com.co\/blog\/wp-json\/wp\/v2\/types\/post"}],"author":[{"embeddable":true,"href":"https:\/\/alpar.com.co\/blog\/wp-json\/wp\/v2\/users\/106"}],"replies":[{"embeddable":true,"href":"https:\/\/alpar.com.co\/blog\/wp-json\/wp\/v2\/comments?post=2727"}],"version-history":[{"count":7,"href":"https:\/\/alpar.com.co\/blog\/wp-json\/wp\/v2\/posts\/2727\/revisions"}],"predecessor-version":[{"id":2738,"href":"https:\/\/alpar.com.co\/blog\/wp-json\/wp\/v2\/posts\/2727\/revisions\/2738"}],"wp:featuredmedia":[{"embeddable":true,"href":"https:\/\/alpar.com.co\/blog\/wp-json\/wp\/v2\/media\/2728"}],"wp:attachment":[{"href":"https:\/\/alpar.com.co\/blog\/wp-json\/wp\/v2\/media?parent=2727"}],"wp:term":[{"taxonomy":"category","embeddable":true,"href":"https:\/\/alpar.com.co\/blog\/wp-json\/wp\/v2\/categories?post=2727"},{"taxonomy":"post_tag","embeddable":true,"href":"https:\/\/alpar.com.co\/blog\/wp-json\/wp\/v2\/tags?post=2727"}],"curies":[{"name":"wp","href":"https:\/\/api.w.org\/{rel}","templated":true}]}}