{"id":2873,"date":"2023-05-11T10:11:34","date_gmt":"2023-05-11T15:11:34","guid":{"rendered":"https:\/\/alpar.com.co\/blog\/?p=2873"},"modified":"2023-05-12T10:51:52","modified_gmt":"2023-05-12T15:51:52","slug":"la-fundacion-salud-y-persona-certifica-a-grupo-asv-como-empresa-emocionalmente-responsable","status":"publish","type":"post","link":"https:\/\/alpar.com.co\/blog\/la-fundacion-salud-y-persona-certifica-a-grupo-asv-como-empresa-emocionalmente-responsable\/","title":{"rendered":"La Fundaci\u00f3n Salud y Persona certifica a Grupo ASV como Empresa Emocionalmente Responsable"},"content":{"rendered":"<p style=\"text-align: justify;\">La Fundaci\u00f3n Salud y Persona, especializada en promover el cuidado de la salud mental de las organizaciones, ha certificado a Grupo ASV Servicios Funerarios, como Empresa Funeraria Emocionalmente Responsable (EFER).<\/p>\n<p style=\"text-align: justify;\">Para la dotaci\u00f3n de esta distinci\u00f3n, la entidad ha tenido en cuenta el Programa de Soporte Psicol\u00f3gico y Emocional en Acompa\u00f1amiento al Duelo para las familias puesto en marcha. En este sentido se ha destacado de ASV Servicios Funerarios, el tel\u00e9fono de apoyo 24 horas que inici\u00f3 con la llegada de la COVID, concretamente en marzo de 2020, momento en el que se activ\u00f3 este servicio de atenci\u00f3n telef\u00f3nica de apoyo al duelo gratuito, ilimitado y 24 horas, con psic\u00f3logos especialistas.<\/p>\n<blockquote>\n<p style=\"text-align: justify;\"><em>\u201cFue una de las primeras iniciativas que se nos ocurri\u00f3 poner en marcha desde Servicios Funerarios para ayudar con la llegada de la pandemia\u201d,<\/em> explica Sonia Carricondo, responsable de Comunicaci\u00f3n y RSC de Grupo ASV.<\/p>\n<\/blockquote>\n<blockquote>\n<p style=\"text-align: justify;\"><em>\u201cEra un momento sumamente delicado con acceso restringido a los tanatorios en el que nos pareci\u00f3 vital ofrecer este apoyo telef\u00f3nico sin l\u00edmite ante situaciones de p\u00e9rdida, soledad, angustia, depresi\u00f3n o ansiedad para seguir con nuestra vocaci\u00f3n de acompa\u00f1amiento\u201d,<\/em> a\u00f1ade.<\/p>\n<\/blockquote>\n<p style=\"text-align: justify;\">Esta medida se sumaba a los distintos recursos puestos a disposici\u00f3n para ayudar a las familias durante esta situaci\u00f3n de emergencia sanitaria: video consejos especializados a trav\u00e9s de las redes sociales, una plataforma para conectar a familia y amigos o la Esquela Digital, entre otras propuestas.<\/p>\n<p style=\"text-align: justify;\">Este nuevo servicio contribuy\u00f3 a dar apoyo a las familias, especialmente en unos momentos en los que la movilidad y el contacto personal estaban muy limitados. Adem\u00e1s, tras finalizar el decreto de emergencia, esta iniciativa se ha integrado como una herramienta m\u00e1s de ayuda y recurso de apoyo, con el firme compromiso de que las 24 horas del d\u00eda haya alguien al otro lado del tel\u00e9fono con quien poder contar.<\/p>\n<p style=\"text-align: justify;\">Esta acci\u00f3n, que le ha valido a ASV el sello de Empresa Funeraria Emocionalmente Responsable, responde a una de las principales apuestas del nuevo Plan Estrat\u00e9gico de la compa\u00f1\u00eda que pone el foco en el Objetivo de Desarrollo Sostenible (ODS) centrado en la salud y el bienestar de las personas.<\/p>\n<hr \/>\n<p><em><strong>Extra\u00eddo de:<\/strong> Revista Funeraria n\u00ba 171 (Febrero-Marzo 2023). P\u00e1gina 57: <a href=\"https:\/\/revistafuneraria.com\/rf171\/#56\" target=\"_blank\" rel=\"noreferrer noopener\" aria-label=\"www.revistafuneraria.com (abre en una nueva pesta\u00f1a)\">www.revistafuneraria.com<\/a><\/em><\/p>\n","protected":false},"excerpt":{"rendered":"<p>La Fundaci\u00f3n Salud y Persona, especializada en promover el cuidado de la salud mental de las organizaciones, ha certificado a Grupo ASV Servicios Funerarios, como Empresa Funeraria Emocionalmente Responsable (EFER). Para la dotaci\u00f3n de esta distinci\u00f3n, la entidad ha tenido en cuenta el Programa de Soporte Psicol\u00f3gico y Emocional en Acompa\u00f1amiento al Duelo para las [&hellip;]<\/p>\n","protected":false},"author":106,"featured_media":2874,"comment_status":"open","ping_status":"open","sticky":false,"template":"","format":"standard","meta":{"_et_pb_use_builder":"","_et_pb_old_content":"","_et_gb_content_width":"","footnotes":""},"categories":[3],"tags":[],"class_list":["post-2873","post","type-post","status-publish","format-standard","has-post-thumbnail","hentry","category-articulos"],"_links":{"self":[{"href":"https:\/\/alpar.com.co\/blog\/wp-json\/wp\/v2\/posts\/2873","targetHints":{"allow":["GET"]}}],"collection":[{"href":"https:\/\/alpar.com.co\/blog\/wp-json\/wp\/v2\/posts"}],"about":[{"href":"https:\/\/alpar.com.co\/blog\/wp-json\/wp\/v2\/types\/post"}],"author":[{"embeddable":true,"href":"https:\/\/alpar.com.co\/blog\/wp-json\/wp\/v2\/users\/106"}],"replies":[{"embeddable":true,"href":"https:\/\/alpar.com.co\/blog\/wp-json\/wp\/v2\/comments?post=2873"}],"version-history":[{"count":3,"href":"https:\/\/alpar.com.co\/blog\/wp-json\/wp\/v2\/posts\/2873\/revisions"}],"predecessor-version":[{"id":2877,"href":"https:\/\/alpar.com.co\/blog\/wp-json\/wp\/v2\/posts\/2873\/revisions\/2877"}],"wp:featuredmedia":[{"embeddable":true,"href":"https:\/\/alpar.com.co\/blog\/wp-json\/wp\/v2\/media\/2874"}],"wp:attachment":[{"href":"https:\/\/alpar.com.co\/blog\/wp-json\/wp\/v2\/media?parent=2873"}],"wp:term":[{"taxonomy":"category","embeddable":true,"href":"https:\/\/alpar.com.co\/blog\/wp-json\/wp\/v2\/categories?post=2873"},{"taxonomy":"post_tag","embeddable":true,"href":"https:\/\/alpar.com.co\/blog\/wp-json\/wp\/v2\/tags?post=2873"}],"curies":[{"name":"wp","href":"https:\/\/api.w.org\/{rel}","templated":true}]}}