{"id":2965,"date":"2023-10-12T09:38:08","date_gmt":"2023-10-12T14:38:08","guid":{"rendered":"https:\/\/alpar.com.co\/blog\/?p=2965"},"modified":"2023-10-13T08:28:54","modified_gmt":"2023-10-13T13:28:54","slug":"parque-del-recuerdo-logra-importante-resultado-en-ranking-great-place-to-work-chile","status":"publish","type":"post","link":"https:\/\/alpar.com.co\/blog\/parque-del-recuerdo-logra-importante-resultado-en-ranking-great-place-to-work-chile\/","title":{"rendered":"Parque del Recuerdo logra importante resultado en ranking Great Place to Work Chile"},"content":{"rendered":"<p style=\"text-align: justify;\">Cada a\u00f1o la consultora internacional <em>Great Place to Work<\/em> reconoce a las empresas de todo el mundo por su buen clima laboral y destacada cultura organizacional. Y hace ya algunos a\u00f1os tambi\u00e9n distingue a las organizaciones que se han comprometido a avanzar en materia de paridad de g\u00e9nero, liderazgos femeninos y equilibrio entre la vida personal y laboral.\u00a0 Es as\u00ed como este 2023 se dio a conocer el ranking de &#8216;los mejores lugares para trabajar en Chile para mujeres&#8217;, siendo Parque del Recuerdo, empresa afiliada a ALPAR en Chile, la organizaci\u00f3n que logr\u00f3 el 1\u00b0 lugar en la categor\u00eda &#8216;empresas con m\u00e1s de 1.000 colaboradores&#8217;.<\/p>\n<p style=\"text-align: justify;\">Este importante reconocimiento se debe al compromiso de Parque del Recuerdo con la equidad de g\u00e9nero. A lo largo de los a\u00f1os, la organizaci\u00f3n ha desarrollado diversas pol\u00edticas y beneficios que le han permitido a las mujeres posicionarse en puestos de liderazgos y crecer personal y profesionalmente.<\/p>\n<p><img loading=\"lazy\" decoding=\"async\" class=\"size-full wp-image-2968 aligncenter\" src=\"https:\/\/alpar.com.co\/blog\/wp-content\/uploads\/Parque-del-recuerdo-2023.jpg\" alt=\"\" width=\"600\" height=\"750\" srcset=\"https:\/\/alpar.com.co\/blog\/wp-content\/uploads\/Parque-del-recuerdo-2023.jpg 600w, https:\/\/alpar.com.co\/blog\/wp-content\/uploads\/Parque-del-recuerdo-2023-480x600.jpg 480w\" sizes=\"(min-width: 0px) and (max-width: 480px) 480px, (min-width: 481px) 600px, 100vw\" \/><\/p>\n<hr \/>\n<p>Un aporte de Parque del Recuerdo. Miembro de ALPAR en Chile.<\/p>\n","protected":false},"excerpt":{"rendered":"<p>Cada a\u00f1o la consultora internacional Great Place to Work reconoce a las empresas de todo el mundo por su buen clima laboral y destacada cultura organizacional. Y hace ya algunos a\u00f1os tambi\u00e9n distingue a las organizaciones que se han comprometido a avanzar en materia de paridad de g\u00e9nero, liderazgos femeninos y equilibrio entre la vida [&hellip;]<\/p>\n","protected":false},"author":106,"featured_media":2966,"comment_status":"open","ping_status":"open","sticky":false,"template":"","format":"standard","meta":{"_et_pb_use_builder":"","_et_pb_old_content":"","_et_gb_content_width":"","footnotes":""},"categories":[3],"tags":[],"class_list":["post-2965","post","type-post","status-publish","format-standard","has-post-thumbnail","hentry","category-articulos"],"_links":{"self":[{"href":"https:\/\/alpar.com.co\/blog\/wp-json\/wp\/v2\/posts\/2965","targetHints":{"allow":["GET"]}}],"collection":[{"href":"https:\/\/alpar.com.co\/blog\/wp-json\/wp\/v2\/posts"}],"about":[{"href":"https:\/\/alpar.com.co\/blog\/wp-json\/wp\/v2\/types\/post"}],"author":[{"embeddable":true,"href":"https:\/\/alpar.com.co\/blog\/wp-json\/wp\/v2\/users\/106"}],"replies":[{"embeddable":true,"href":"https:\/\/alpar.com.co\/blog\/wp-json\/wp\/v2\/comments?post=2965"}],"version-history":[{"count":3,"href":"https:\/\/alpar.com.co\/blog\/wp-json\/wp\/v2\/posts\/2965\/revisions"}],"predecessor-version":[{"id":2971,"href":"https:\/\/alpar.com.co\/blog\/wp-json\/wp\/v2\/posts\/2965\/revisions\/2971"}],"wp:featuredmedia":[{"embeddable":true,"href":"https:\/\/alpar.com.co\/blog\/wp-json\/wp\/v2\/media\/2966"}],"wp:attachment":[{"href":"https:\/\/alpar.com.co\/blog\/wp-json\/wp\/v2\/media?parent=2965"}],"wp:term":[{"taxonomy":"category","embeddable":true,"href":"https:\/\/alpar.com.co\/blog\/wp-json\/wp\/v2\/categories?post=2965"},{"taxonomy":"post_tag","embeddable":true,"href":"https:\/\/alpar.com.co\/blog\/wp-json\/wp\/v2\/tags?post=2965"}],"curies":[{"name":"wp","href":"https:\/\/api.w.org\/{rel}","templated":true}]}}