{"id":3365,"date":"2025-01-30T17:15:24","date_gmt":"2025-01-30T22:15:24","guid":{"rendered":"https:\/\/alpar.com.co\/blog\/?p=3365"},"modified":"2025-01-31T08:46:26","modified_gmt":"2025-01-31T13:46:26","slug":"un-nuevo-re-orden-mundial","status":"publish","type":"post","link":"https:\/\/alpar.com.co\/blog\/un-nuevo-re-orden-mundial\/","title":{"rendered":"Un nuevo [re] orden mundial"},"content":{"rendered":"<p style=\"text-align: justify;\">La pandemia, la guerra de Ucrania y el conflicto Israel\/Hamas\/Palestina, adem\u00e1s de otros impactos como el cambio clim\u00e1tico, ciber riesgos, nos han hecho ver las extremas vulnerabilidades de nuestro modelo econ\u00f3mico y estamos asistiendo al nacimiento de un Nuevo Orden Mundial, lo que he denominado la Era del Reorden.\u00a0 Los nuevos actores econ\u00f3micos y geoestrat\u00e9gicos buscan su lugar en este nuevo Orden, desafiando el status actual. La globalizaci\u00f3n no ha muerto, pero si est\u00e1 mutando y posiblemente el mundo se va a fragmentar en dos grandes bloques, liderados por EEUU y China. Asimismo, nos ser\u00e1n familiares conceptos como: BRICS, Pivotes Estrat\u00e9gicos, Estados Cortejados, \u201cPa\u00edses Eagles\u201d, \u201cPa\u00edses Mariachi\u201d\u2026<\/p>\n<p style=\"text-align: justify;\">El concepto VUCA (Volatily, Uncertainty, Complexity, Ambiguity) ha quedado superado. Han aparecido algunas variantes alrededor de este concepto, como TUNA (Turbulence, Uncertainty, Novelty, Ambiguity) y BANI (Brittle, Anxious, Non-linear, Incomprehensible), entre otros. Pero, finalmente, la realidad, nos ha llevado a evolucionarlo a un nuevo concepto denominado VI<sup>3<\/sup>RCA<sup>2<\/sup>S, donde se han tenido que incorporar cuatro variables m\u00e1s; Inmediatez, Inseguridad,\u00a0 Ruido y Aceleraci\u00f3n.<\/p>\n<p style=\"text-align: justify;\">A los actualizados cuatro jinetes del apocalipsis: Pandemias, Guerras, Cambio Clim\u00e1tico y Demograf\u00eda; inicialmente incorporamos los Desastres Naturales, para tener que a\u00f1adir a dos jinetes m\u00e1s: Desinformaci\u00f3n e Inteligencia Artificial.<\/p>\n<p style=\"text-align: justify;\">As\u00ed mismo, podr\u00edamos resaltar cinco de las conclusiones del Foro de DAVOS: hasta ahora la econom\u00eda condicionaba a la Geopol\u00edtica, pero en los pr\u00f3ximos a\u00f1os, la Geopol\u00edtica va a condicionar la econom\u00eda, los conceptos de Policrisis, Permacrisis y Desriking; y la lucha contra la Desinformaci\u00f3n. La supervivencia y el progreso de una organizaci\u00f3n depender\u00e1 de su capacidad de \u00ableer\u00bb e \u201cinterpretar\u201d el entorno para \u00abadaptarse\u201d a \u00e9l de forma din\u00e1mica.<\/p>\n<h2 style=\"padding-left: 40px;\"><strong>\u00bfQu\u00e9 caracterizar\u00e1 a esta nueva Era?<\/strong><\/h2>\n<p style=\"text-align: justify;\">Muchos de los paradigmas sobre los que se sustentaban nuestras decisiones han desaparecido. Pero, \u00bfqu\u00e9 caracteriza a esta nueva Era?<\/p>\n<ul>\n<li style=\"list-style-type: none;\">\n<ul>\n<li>El deterioro de las relaciones entre Estados Unidos y China. \u00bfSe producir\u00e1 la Trampa de Tuc\u00eddides? \u00bfestamos asistiendo al nacimiento de la \u201cPax Sinica\u201d?<\/li>\n<li>El mundo se fragmenta en bloques.<\/li>\n<li>Inicio de la desdolarizaci\u00f3n de la econom\u00eda.<\/li>\n<li>Impacto de las criptomonedas.<\/li>\n<li>Debate globalizaci\u00f3n vs. deslocalizaci\u00f3n vs. localizaci\u00f3n.<\/li>\n<li>Brecha en las cadenas de suministros.<\/li>\n<li>Las materias primas, como factor estrat\u00e9gico.<\/li>\n<li>Incremento de los ciberataques.<\/li>\n<li>Alta probabilidad de nuevas pandemias.<\/li>\n<li>Divergencia demogr\u00e1fica. \u00bfLa mitad del siglo XXI ser\u00e1 la era de \u00c1frica?<\/li>\n<li>Mundo hipervigilado: debate seguridad vs. privacidad.<\/li>\n<li>Enorme incremento de la deuda.<\/li>\n<li>Empobrecimiento de las clases medias y debilitaci\u00f3n de la cohesi\u00f3n social. Auge de los populismos y nacionalismo y protagonismo de partidos y pol\u00edticos \u201canti-establishment\u201d.<\/li>\n<li>Una desigualdad creciente interna en los pa\u00edses y entre los pa\u00edses.<\/li>\n<li>El modelo de \u201cDemocracia\u201d en riesgo. Auge de las \u201cAutocracias\u201d.<\/li>\n<li>Cambios en el panorama energ\u00e9tico global y sus implicaciones geopol\u00edticas y geoecon\u00f3micas.<\/li>\n<li>Inseguridad alimentaria.<\/li>\n<li>La Gobernanza criminal sigue al alza en un mundo desorganizado.<\/li>\n<li>Mundo urbanizado.<\/li>\n<li>Hipocondr\u00eda social.<\/li>\n<li>El debate del cambio clim\u00e1tico y la perdida de la biodiversidad.<\/li>\n<li>La tecnolog\u00eda como factor geoestrat\u00e9gico y geoecon\u00f3mico.<\/li>\n<\/ul>\n<\/li>\n<\/ul>\n<p style=\"text-align: justify;\">Entender las claves del futuro ser\u00e1 fundamental para sobrevivir y triunfar en estos nuevos escenarios y la Prospectiva estrat\u00e9gica se convierte en una herramienta imprescindible.<\/p>\n<p>La Prospectiva es la definici\u00f3n de futuros plausibles a trav\u00e9s de la aplicaci\u00f3n de metodolog\u00edas, con la finalidad de establecer probabilidades de ocurrencia, combinando l\u00f3gicas cualitativas y cuantitativas, para comprender el futuro y con el objetivo \u00faltimo de incidir sobre las variables necesarias para crear el escenario m\u00e1s favorable a nuestros intereses.<\/p>\n<p style=\"text-align: justify;\">La Prospectiva es una parte del an\u00e1lisis estrat\u00e9gico que facilita la toma de decisiones y constituye un espacio imaginario en el que se combina lo posible con lo deseable.<\/p>\n<hr \/>\n<p><strong><em>Un aporte de: <\/em><\/strong> Marcos Urarte. Director General Pharos<br \/>\nwww.pharos.es<\/p>\n","protected":false},"excerpt":{"rendered":"<p>La pandemia, la guerra de Ucrania y el conflicto Israel\/Hamas\/Palestina, adem\u00e1s de otros impactos como el cambio clim\u00e1tico, ciber riesgos, nos han hecho ver las extremas vulnerabilidades de nuestro modelo econ\u00f3mico y estamos asistiendo al nacimiento de un Nuevo Orden Mundial, lo que he denominado la Era del Reorden.\u00a0 Los nuevos actores econ\u00f3micos y geoestrat\u00e9gicos [&hellip;]<\/p>\n","protected":false},"author":106,"featured_media":3366,"comment_status":"open","ping_status":"open","sticky":false,"template":"","format":"standard","meta":{"_et_pb_use_builder":"","_et_pb_old_content":"","_et_gb_content_width":"","footnotes":""},"categories":[3],"tags":[],"class_list":["post-3365","post","type-post","status-publish","format-standard","has-post-thumbnail","hentry","category-articulos"],"_links":{"self":[{"href":"https:\/\/alpar.com.co\/blog\/wp-json\/wp\/v2\/posts\/3365","targetHints":{"allow":["GET"]}}],"collection":[{"href":"https:\/\/alpar.com.co\/blog\/wp-json\/wp\/v2\/posts"}],"about":[{"href":"https:\/\/alpar.com.co\/blog\/wp-json\/wp\/v2\/types\/post"}],"author":[{"embeddable":true,"href":"https:\/\/alpar.com.co\/blog\/wp-json\/wp\/v2\/users\/106"}],"replies":[{"embeddable":true,"href":"https:\/\/alpar.com.co\/blog\/wp-json\/wp\/v2\/comments?post=3365"}],"version-history":[{"count":1,"href":"https:\/\/alpar.com.co\/blog\/wp-json\/wp\/v2\/posts\/3365\/revisions"}],"predecessor-version":[{"id":3367,"href":"https:\/\/alpar.com.co\/blog\/wp-json\/wp\/v2\/posts\/3365\/revisions\/3367"}],"wp:featuredmedia":[{"embeddable":true,"href":"https:\/\/alpar.com.co\/blog\/wp-json\/wp\/v2\/media\/3366"}],"wp:attachment":[{"href":"https:\/\/alpar.com.co\/blog\/wp-json\/wp\/v2\/media?parent=3365"}],"wp:term":[{"taxonomy":"category","embeddable":true,"href":"https:\/\/alpar.com.co\/blog\/wp-json\/wp\/v2\/categories?post=3365"},{"taxonomy":"post_tag","embeddable":true,"href":"https:\/\/alpar.com.co\/blog\/wp-json\/wp\/v2\/tags?post=3365"}],"curies":[{"name":"wp","href":"https:\/\/api.w.org\/{rel}","templated":true}]}}