{"id":3370,"date":"2025-02-11T16:09:41","date_gmt":"2025-02-11T21:09:41","guid":{"rendered":"https:\/\/alpar.com.co\/blog\/?p=3370"},"modified":"2025-02-14T08:09:28","modified_gmt":"2025-02-14T13:09:28","slug":"camposanto-santa-ana-recibe-prestigiosa-condecoracion-al-merito-comercial","status":"publish","type":"post","link":"https:\/\/alpar.com.co\/blog\/camposanto-santa-ana-recibe-prestigiosa-condecoracion-al-merito-comercial\/","title":{"rendered":"Camposanto Santa Ana Recibe Prestigiosa Condecoraci\u00f3n al M\u00e9rito Comercial"},"content":{"rendered":"<p>Camposanto Santa Ana Campsana S.A., empresa afiliada a ALPAR en Ecuador, representada por el Ingeniero Sim\u00f3n Toral Chac\u00f3n, ha sido galardonado con la Condecoraci\u00f3n al M\u00e9rito Comercial, \u00abPresea Roberto Crespo Toral\u00bb, otorgada por la C\u00e1mara de Comercio de Cuenca, Ecuador. Este reconocimiento destaca la excelencia en los servicios ofrecidos por esta Instituci\u00f3n durante m\u00e1s de veinte y cinco a\u00f1os; la cual combina instalaciones modernas y confortables con est\u00e1ndares internacionales.<\/p>\n<p>El enfoque en la calidad y atenci\u00f3n al cliente ha posicionado a Camposanto Santa Ana como un referente, ofreciendo una experiencia humana y espiritual. Su compromiso social, reflejado en diversas iniciativas de apoyo emocional y consejer\u00eda, ha sido clave para alcanzar este logro.<\/p>\n<p>La ceremonia de entrega tuvo lugar en la Sala de Sesiones del Directorio de la C\u00e1mara de Comercio de Cuenca, con fecha del 11 de diciembre de 2024. Este importante reconocimiento resalta la contribuci\u00f3n de Camposanto Santa Ana al comercio local y nacional, reafirmando su papel como una instituci\u00f3n l\u00edder en su sector.<\/p>\n<p><img loading=\"lazy\" decoding=\"async\" class=\"aligncenter wp-image-3372\" src=\"https:\/\/alpar.com.co\/blog\/wp-content\/uploads\/arte-2.jpeg\" alt=\"\" width=\"400\" height=\"400\" \/><\/p>\n<hr \/>\n<p>Un aporte de Funeraria y Camposanto Santa Ana CAMPSANA S.A., Miembro de ALPAR en Ecuador.<\/p>\n","protected":false},"excerpt":{"rendered":"<p>Camposanto Santa Ana Campsana S.A., empresa afiliada a ALPAR en Ecuador, representada por el Ingeniero Sim\u00f3n Toral Chac\u00f3n, ha sido galardonado con la Condecoraci\u00f3n al M\u00e9rito Comercial, \u00abPresea Roberto Crespo Toral\u00bb, otorgada por la C\u00e1mara de Comercio de Cuenca, Ecuador. Este reconocimiento destaca la excelencia en los servicios ofrecidos por esta Instituci\u00f3n durante m\u00e1s de [&hellip;]<\/p>\n","protected":false},"author":106,"featured_media":3371,"comment_status":"open","ping_status":"open","sticky":false,"template":"","format":"standard","meta":{"_et_pb_use_builder":"","_et_pb_old_content":"","_et_gb_content_width":"","footnotes":""},"categories":[3],"tags":[],"class_list":["post-3370","post","type-post","status-publish","format-standard","has-post-thumbnail","hentry","category-articulos"],"_links":{"self":[{"href":"https:\/\/alpar.com.co\/blog\/wp-json\/wp\/v2\/posts\/3370","targetHints":{"allow":["GET"]}}],"collection":[{"href":"https:\/\/alpar.com.co\/blog\/wp-json\/wp\/v2\/posts"}],"about":[{"href":"https:\/\/alpar.com.co\/blog\/wp-json\/wp\/v2\/types\/post"}],"author":[{"embeddable":true,"href":"https:\/\/alpar.com.co\/blog\/wp-json\/wp\/v2\/users\/106"}],"replies":[{"embeddable":true,"href":"https:\/\/alpar.com.co\/blog\/wp-json\/wp\/v2\/comments?post=3370"}],"version-history":[{"count":2,"href":"https:\/\/alpar.com.co\/blog\/wp-json\/wp\/v2\/posts\/3370\/revisions"}],"predecessor-version":[{"id":3374,"href":"https:\/\/alpar.com.co\/blog\/wp-json\/wp\/v2\/posts\/3370\/revisions\/3374"}],"wp:featuredmedia":[{"embeddable":true,"href":"https:\/\/alpar.com.co\/blog\/wp-json\/wp\/v2\/media\/3371"}],"wp:attachment":[{"href":"https:\/\/alpar.com.co\/blog\/wp-json\/wp\/v2\/media?parent=3370"}],"wp:term":[{"taxonomy":"category","embeddable":true,"href":"https:\/\/alpar.com.co\/blog\/wp-json\/wp\/v2\/categories?post=3370"},{"taxonomy":"post_tag","embeddable":true,"href":"https:\/\/alpar.com.co\/blog\/wp-json\/wp\/v2\/tags?post=3370"}],"curies":[{"name":"wp","href":"https:\/\/api.w.org\/{rel}","templated":true}]}}