{"id":3383,"date":"2025-02-25T11:17:43","date_gmt":"2025-02-25T16:17:43","guid":{"rendered":"https:\/\/alpar.com.co\/blog\/?p=3383"},"modified":"2025-02-27T08:11:24","modified_gmt":"2025-02-27T13:11:24","slug":"cementiris-de-barcelona-y-audir-ofrecen-la-maleta-pedagogica-del-duelo-a-los-centros-escolares","status":"publish","type":"post","link":"https:\/\/alpar.com.co\/blog\/cementiris-de-barcelona-y-audir-ofrecen-la-maleta-pedagogica-del-duelo-a-los-centros-escolares\/","title":{"rendered":"Cementiris de Barcelona y AUDIR ofrecen la Maleta Pedag\u00f3gica del Duelo a los centros escolares"},"content":{"rendered":"<p style=\"text-align: justify;\">Cementiris de Barcelona y AUDIR, la Asociaci\u00f3n UNESCO para el Di\u00e1logo Interreligioso, presentaron el 23 de enero de 2025, la Maleta Pedag\u00f3gica del Duelo, un recurso pedag\u00f3gico con un conjunto de propuestas, actividades y explicaciones en torno al duelo y c\u00f3mo abordarlo.\u00a0\u00c9sta es una\u00a0iniciativa pionera en Barcelona para trabajar desde el contexto educativo el duelo por la muerte, dirigida a los centros escolares de j\u00f3venes y ni\u00f1os escolarizados en los niveles desde 3\u00ba y 4\u00ba de ESO a 1\u00ba y 2\u00ba de Bachillerato y en general a j\u00f3venes escolarizados entre los 14 y 18 a\u00f1os.<\/p>\n<p style=\"text-align: justify;\">AUDIR y Cementiris de Barcelona\u00a0ofrecen este recurso pedag\u00f3gico a los centros educativos de la ciudad de Barcelona que puedan estar interesados, y por eso, se celebraba una\u00a0presentaci\u00f3n p\u00fablica en el Centro C\u00edvico Pati Llimona, con un debate sobre el duelo en la adolescencia que cont\u00f3 con la participaci\u00f3n de personas expertas y vinculadas a esta tem\u00e1tica, as\u00ed como la asistencia del\u00a0director general de Cementerios de Barcelona, \u200b\u200bMiquel Trepat, y el codirector de AUDIR en Barcelona, \u200b\u200bSergio Ar\u00e9valo. En el debate participaron Francisco Torradeflot, Doctor en Teolog\u00eda e Historia de las Religiones; Merche Cuesta, Jefe Territorial de Urgencias y Emergencias Sociales del Ayuntamiento de Barcelona (CUESB); Sofia Dengr\u00e0, voluntaria y psic\u00f3loga de AVES, y Espartac Peran, periodista de Televisi\u00f3 de Catalunya.<\/p>\n<blockquote>\n<p style=\"text-align: justify;\"><em>\u201cSe trata de un\u00a0trabajo magn\u00edfico destinado b\u00e1sicamente a escolares de entre 14 y 18 a\u00f1os y a su entorno profesional, como maestros o educadores, tratando a los j\u00f3venes como personas inteligentes y cr\u00edticos.\u00a0No es una gu\u00eda definitiva, es una\u00a0herramienta que pretende traspasar la barrera del tab\u00fa. Lo afrontamos con mucha ilusi\u00f3n\u201d<\/em>,\u00a0apunt\u00f3 Miquel Trepat, Director General de Cementiris de Barcelona.<\/p>\n<\/blockquote>\n<h2><\/h2>\n<h2><strong>Un nuevo recurso para trabajar el duelo en las aulas en la edad adolescente<\/strong><\/h2>\n<p style=\"text-align: justify;\">La maleta ha sido ideada por AUDIR, entidad que promueve el di\u00e1logo interreligioso e interconviccional, en colaboraci\u00f3n con Cementerios de Barcelona, \u200b\u200by ha contado con el\u00a0asesoramiento de personas de diversas tradiciones religiosas y convicciones no religiosas de Catalu\u00f1a.<\/p>\n<p style=\"text-align: justify;\">Se propone abordar el duelo como un proceso de p\u00e9rdida que puede vivirse en diversas situaciones, ya sea por una muerte, la ruptura de una relaci\u00f3n, el abandono de un pa\u00eds o una casa o la p\u00e9rdida de una parte de uno mismo, abord\u00e1ndolo como un proceso en todo momento, ya que\u00a0no se trata de un hecho puntual, sino de una evoluci\u00f3n personal, y tal y como se puede trabajar a partir del material de la Maleta Pedag\u00f3gica del Duelo, en algunos aspectos, tambi\u00e9n colectiva.\u00a0Se trata de trabajarlo como un\u00a0reajuste a la nueva realidad sin lo perdido, y por tanto, como un momento de transformaci\u00f3n, donde todo se encuentra en constante cambio.\u00a0De hecho, la adolescencia es una\u00a0etapa vital caracterizada por los cambios, por lo que en esta iniciativa conjunta de AUDIR y Cementerios de Barcelona se ha elegido dirigirse a estas edades porque puede ser un buen momento para hablar del duelo con el alumnado que, de alg\u00fan modo, tambi\u00e9n viven el luto de dejar la infancia atr\u00e1s para pasar a la vida adulta.<\/p>\n<p style=\"text-align: justify;\">La Maleta Pedag\u00f3gica del Duelo est\u00e1 formada por un\u00a0dossier para el alumnado, con explicaciones breves y necesarias para realizar las actividades, un dossier virtual para el profesorado, con informaciones ampliadas para tener m\u00e1s contexto y poder aportarlo al aula cuando se considere necesario, y materiales adicionales en formato de fichas y recursos visuales.<\/p>\n<p style=\"text-align: justify;\">La estructura de la maleta pedag\u00f3gica se\u00a0divide en cuatro bloques diferenciados, en los que se presentan diversas actividades agrupadas por apartados y tem\u00e1ticas: un\u00a0primer bloque\u00a0que est\u00e1 dedicado al proceso vital y a todo lo que relacionamos con la vida y que nos permite entender mejor la muerte; un\u00a0segundo bloque\u00a0dedicado a la diversidad religiosa y los rituales funerarios vinculados a la muerte; un\u00a0tercer bloque\u00a0-el m\u00e1s extenso- centrado en el duelo y, por \u00faltimo, un\u00a0cuarto bloque\u00a0dedicado al descubrimiento de los cementerios como espacios integrados en nuestra vida cotidiana y en el paisaje urbano que reflejan una o varias formas de comprender y vivir la muerte por parte de una sociedad.<\/p>\n<blockquote>\n<p style=\"text-align: justify;\"><em>\u201cNo hay una forma de acompa\u00f1ar el duelo,\u00a0hay que respetar lo que cada persona necesita, sin juicios\u201d, <\/em>conclu\u00eda Trepat.<\/p>\n<\/blockquote>\n<p style=\"text-align: justify;\">Destacar que AUDIR es la Asociaci\u00f3n UNESCO para el Di\u00e1logo Interreligioso, una\u00a0entidad declarada de utilidad p\u00fablica, catalana y pluriconviccional, que respeta y valora la diversidad de creencias y convicciones. Sus actividades promueven el\u00a0conocimiento, el di\u00e1logo y la cooperaci\u00f3n entre las diferentes confesiones religiosas, y entre \u00e9stas y las convicciones no religiosas presentes en Catalu\u00f1a.<\/p>\n<p><a class=\"tt-thumb\" href=\"https:\/\/revistafuneraria.com\/wp-content\/uploads\/2025\/01\/cb2812025.gif\"><img decoding=\"async\" class=\"img-responsive lazy loaded aligncenter\" src=\"https:\/\/revistafuneraria.com\/wp-content\/uploads\/2025\/01\/cb2812025-650x394.gif\" data-src=\"https:\/\/revistafuneraria.com\/wp-content\/uploads\/2025\/01\/cb2812025-650x394.gif\" data-was-processed=\"true\" \/><\/a><\/p>\n<hr \/>\n<p><em><strong>Tomado de:<\/strong> Revista Funeraria: <a href=\"https:\/\/revistafuneraria.com\/cementiris-de-barcelona-y-audir-ofrecen-la-maleta-pedagogica-del-duelo-a-los-centros-escolares\/\" target=\"_blank\" rel=\"noreferrer noopener\" aria-label=\"www.revistafuneraria.com (abre en una nueva pesta\u00f1a)\">www.revistafuneraria.com<\/a><\/em><\/p>\n","protected":false},"excerpt":{"rendered":"<p>Cementiris de Barcelona y AUDIR, la Asociaci\u00f3n UNESCO para el Di\u00e1logo Interreligioso, presentaron el 23 de enero de 2025, la Maleta Pedag\u00f3gica del Duelo, un recurso pedag\u00f3gico con un conjunto de propuestas, actividades y explicaciones en torno al duelo y c\u00f3mo abordarlo.\u00a0\u00c9sta es una\u00a0iniciativa pionera en Barcelona para trabajar desde el contexto educativo el duelo [&hellip;]<\/p>\n","protected":false},"author":106,"featured_media":3384,"comment_status":"open","ping_status":"open","sticky":false,"template":"","format":"standard","meta":{"_et_pb_use_builder":"","_et_pb_old_content":"","_et_gb_content_width":"","footnotes":""},"categories":[3],"tags":[],"class_list":["post-3383","post","type-post","status-publish","format-standard","has-post-thumbnail","hentry","category-articulos"],"_links":{"self":[{"href":"https:\/\/alpar.com.co\/blog\/wp-json\/wp\/v2\/posts\/3383","targetHints":{"allow":["GET"]}}],"collection":[{"href":"https:\/\/alpar.com.co\/blog\/wp-json\/wp\/v2\/posts"}],"about":[{"href":"https:\/\/alpar.com.co\/blog\/wp-json\/wp\/v2\/types\/post"}],"author":[{"embeddable":true,"href":"https:\/\/alpar.com.co\/blog\/wp-json\/wp\/v2\/users\/106"}],"replies":[{"embeddable":true,"href":"https:\/\/alpar.com.co\/blog\/wp-json\/wp\/v2\/comments?post=3383"}],"version-history":[{"count":2,"href":"https:\/\/alpar.com.co\/blog\/wp-json\/wp\/v2\/posts\/3383\/revisions"}],"predecessor-version":[{"id":3386,"href":"https:\/\/alpar.com.co\/blog\/wp-json\/wp\/v2\/posts\/3383\/revisions\/3386"}],"wp:featuredmedia":[{"embeddable":true,"href":"https:\/\/alpar.com.co\/blog\/wp-json\/wp\/v2\/media\/3384"}],"wp:attachment":[{"href":"https:\/\/alpar.com.co\/blog\/wp-json\/wp\/v2\/media?parent=3383"}],"wp:term":[{"taxonomy":"category","embeddable":true,"href":"https:\/\/alpar.com.co\/blog\/wp-json\/wp\/v2\/categories?post=3383"},{"taxonomy":"post_tag","embeddable":true,"href":"https:\/\/alpar.com.co\/blog\/wp-json\/wp\/v2\/tags?post=3383"}],"curies":[{"name":"wp","href":"https:\/\/api.w.org\/{rel}","templated":true}]}}