{"id":3473,"date":"2025-07-24T15:07:27","date_gmt":"2025-07-24T20:07:27","guid":{"rendered":"https:\/\/alpar.com.co\/blog\/?p=3473"},"modified":"2025-07-25T08:27:33","modified_gmt":"2025-07-25T13:27:33","slug":"grupo-recordar-es-reconocido-con-doble-certificacion-en-no-discriminacion-y-comercio-responsable","status":"publish","type":"post","link":"https:\/\/alpar.com.co\/blog\/grupo-recordar-es-reconocido-con-doble-certificacion-en-no-discriminacion-y-comercio-responsable\/","title":{"rendered":"Grupo Recordar es reconocido con doble certificaci\u00f3n en No Discriminaci\u00f3n y Comercio Responsable"},"content":{"rendered":"<p style=\"text-align: justify;\">Grupo Recordar, empresa afiliada a ALPAR en Colombia, contin\u00faa marcando la diferencia y posicion\u00e1ndose como un referente en el sector empresarial, gracias a estas dos importantes distinciones que reflejan su cultura organizacional basada en las buenas pr\u00e1cticas, el respeto y su prop\u00f3sito de impulsar entornos m\u00e1s responsables, equitativos y humanos.<\/p>\n<p style=\"text-align: justify;\">El sello de \u201cNo Discriminaci\u00f3n\u201d, otorgado en diciembre de 2024 por el Instituto Colombiano de Normas T\u00e9cnicas y Certificaci\u00f3n (ICONTEC), valida la firme apuesta de la empresa en la construcci\u00f3n de pr\u00e1cticas basadas en la empat\u00eda y su esfuerzo por seguir promoviendo los derechos humanos, creando un ambiente que propicie el desarrollo del talento en el \u00e1mbito laboral y social.<\/p>\n<p style=\"text-align: justify;\">Esta certificaci\u00f3n se obtuvo tras una exhaustiva evaluaci\u00f3n por parte de ICONTEC, en la que Grupo Recordar alcanz\u00f3 un puntaje del 88%, destac\u00e1ndose como una compa\u00f1\u00eda que incentiva escenarios laborales libres de discriminaci\u00f3n. Este sello, con una vigencia de dos a\u00f1os, la motiva a continuar fortaleciendo sus pol\u00edticas, garantizando espacios de bienestar y crecimiento integral para sus colaboradores.<\/p>\n<p style=\"text-align: justify;\">En adici\u00f3n, la certificaci\u00f3n de \u201cComercio Responsable\u201d fue otorgada por la Federaci\u00f3n Nacional de Comerciantes (FENALCO), como reconocimiento a su compromiso con la transparencia, la \u00e9tica y la sostenibilidad, lo cual avala a la compa\u00f1\u00eda como una organizaci\u00f3n que trabaja bajo principios que generan un impacto positivo en sus colaboradores y la comunidad, fomentando la confianza y la mejora continua.<\/p>\n<p style=\"text-align: justify;\">Grupo Recordar celebra junto con sus colaboradores estos reconocimientos que contribuyen a forjar ambientes de trabajo donde el talento se valora, las diferencias suman y las oportunidades se transforman en realidades. As\u00ed mismo, ambas distinciones se convierten en un paso para continuar consolidando su modelo empresarial siendo parte activa de un ecosistema que propenda por siempre generar valor en la sociedad.<\/p>\n<hr \/>\n<p>Un aporte de Grupo Recordar, Miembro de ALPAR en Colombia.<\/p>\n","protected":false},"excerpt":{"rendered":"<p>Grupo Recordar, empresa afiliada a ALPAR en Colombia, contin\u00faa marcando la diferencia y posicion\u00e1ndose como un referente en el sector empresarial, gracias a estas dos importantes distinciones que reflejan su cultura organizacional basada en las buenas pr\u00e1cticas, el respeto y su prop\u00f3sito de impulsar entornos m\u00e1s responsables, equitativos y humanos. El sello de \u201cNo Discriminaci\u00f3n\u201d, [&hellip;]<\/p>\n","protected":false},"author":106,"featured_media":3474,"comment_status":"open","ping_status":"open","sticky":false,"template":"","format":"standard","meta":{"_et_pb_use_builder":"","_et_pb_old_content":"","_et_gb_content_width":"","footnotes":""},"categories":[3],"tags":[],"class_list":["post-3473","post","type-post","status-publish","format-standard","has-post-thumbnail","hentry","category-articulos"],"_links":{"self":[{"href":"https:\/\/alpar.com.co\/blog\/wp-json\/wp\/v2\/posts\/3473","targetHints":{"allow":["GET"]}}],"collection":[{"href":"https:\/\/alpar.com.co\/blog\/wp-json\/wp\/v2\/posts"}],"about":[{"href":"https:\/\/alpar.com.co\/blog\/wp-json\/wp\/v2\/types\/post"}],"author":[{"embeddable":true,"href":"https:\/\/alpar.com.co\/blog\/wp-json\/wp\/v2\/users\/106"}],"replies":[{"embeddable":true,"href":"https:\/\/alpar.com.co\/blog\/wp-json\/wp\/v2\/comments?post=3473"}],"version-history":[{"count":1,"href":"https:\/\/alpar.com.co\/blog\/wp-json\/wp\/v2\/posts\/3473\/revisions"}],"predecessor-version":[{"id":3475,"href":"https:\/\/alpar.com.co\/blog\/wp-json\/wp\/v2\/posts\/3473\/revisions\/3475"}],"wp:featuredmedia":[{"embeddable":true,"href":"https:\/\/alpar.com.co\/blog\/wp-json\/wp\/v2\/media\/3474"}],"wp:attachment":[{"href":"https:\/\/alpar.com.co\/blog\/wp-json\/wp\/v2\/media?parent=3473"}],"wp:term":[{"taxonomy":"category","embeddable":true,"href":"https:\/\/alpar.com.co\/blog\/wp-json\/wp\/v2\/categories?post=3473"},{"taxonomy":"post_tag","embeddable":true,"href":"https:\/\/alpar.com.co\/blog\/wp-json\/wp\/v2\/tags?post=3473"}],"curies":[{"name":"wp","href":"https:\/\/api.w.org\/{rel}","templated":true}]}}