{"id":3667,"date":"2026-03-26T10:20:49","date_gmt":"2026-03-26T15:20:49","guid":{"rendered":"https:\/\/alpar.com.co\/blog\/?p=3667"},"modified":"2026-03-26T16:17:12","modified_gmt":"2026-03-26T21:17:12","slug":"altima-pone-en-servicio-el-nuevo-edificio-corporativo-de-servicios-generales-en-el-cementerio-comarcal-de-roques-blanques","status":"publish","type":"post","link":"https:\/\/alpar.com.co\/blog\/altima-pone-en-servicio-el-nuevo-edificio-corporativo-de-servicios-generales-en-el-cementerio-comarcal-de-roques-blanques\/","title":{"rendered":"\u00c1ltima pone en servicio el nuevo edificio corporativo de servicios generales en el Cementerio Comarcal de Roques Blanques"},"content":{"rendered":"<p style=\"text-align: justify;\">La compa\u00f1\u00eda\u00a0\u00c1ltima, empresa afiliada a ALPAR en Espa\u00f1a, entre las l\u00edderes del sector funerario en Catalu\u00f1a, en su vocaci\u00f3n de ofrecer siempre un servicio de excelencia a las familias, ha inaugurado el nuevo edificio corporativo de servicios en el Cementerio Comarcal de Roques Blanques (El Papiol, Barcelona). El edificio, obra del estudio de arquitectura Batlle i Roig, dispone de m\u00e1s de 800 metros cuadrados y representa un paso adelante en la modernizaci\u00f3n y calidad de los servicios que se ofrecen.<\/p>\n<p style=\"text-align: justify;\">El nuevo edificio incorpora zonas de atenci\u00f3n y gesti\u00f3n, as\u00ed como espacios para facilitar la estancia de las familias, dos salas crematorias con posibilidad de acompa\u00f1amiento presencial, y un oratorio conectado con uno de los crematorios, con capacidad para m\u00e1s de 80 personas y con acceso directo al jard\u00edn.<\/p>\n<h2><strong>Un espacio construido en un entorno natural y que transmite calma, respeto e intimidad hacia las familias<\/strong><\/h2>\n<p style=\"text-align: justify;\">El nuevo edificio corporativo de servicios de \u00c1ltima se ha edificado junto a la antigua sede corporativa, la mas\u00eda de Cal Tintorer, anterior al s.XVIII, reformada como edificio de oficinas y de representaci\u00f3n en 1984, y que se mantendr\u00e1 como sede operativa de apoyo.<\/p>\n<p style=\"text-align: justify;\">La nueva sede de servicios de \u00c1ltima en el Cementerio Comarcal de Roques Blanques nace con la idea de ofrecer a las familias un entorno de calma, respeto e intimidad en un momento siempre dif\u00edcil. El nuevo edificio, integrado en el paisaje del Parque Natural de Collserola, est\u00e1 junto a la entrada del recinto del cementerio con un amplio aparcamiento con 52 plazas y pensado para que las familias puedan acceder con comodidad.<\/p>\n<p style=\"text-align: justify;\">Los recorridos de veh\u00edculos de servicio y de visitantes est\u00e1n separados completamente, garantizando la discreci\u00f3n y una estancia fluida y ordenada. La vegetaci\u00f3n y la calma rodean todo el recorrido hasta el edificio, acompa\u00f1a los pasos de las familias hasta el interior y separa con delicadeza las zonas p\u00fablicas, de las de servicio. La construcci\u00f3n culmina en un patio \u00edntimo, anexo a la sala de ceremonias, y que invita al silencio y al recuerdo. Al lado del edificio se mantiene el espacio destinado a la florister\u00eda y al \u00e1rea de caf\u00e9 y\u00a0<em>vending<\/em>.<\/p>\n<blockquote><p>Seg\u00fan las palabras de la Ilustr\u00edsima presidenta del Consejo Comarcal del Baix Llobregat, la se\u00f1ora Eva Mart\u00ednez:\u00a0<em>\u201cEste nuevo edificio corporativo de servicios en el Cementerio Comarcal de Roques Blanques representa un paso importante en la mejora continua de un equipamiento p\u00fablico esencial para la comarca. Es un espacio pensado para poner a las personas en el centro, ofreciendo a las familias un entorno digno, respetuoso y acogedor en momentos de gran sensibilidad. Desde el Consejo Comarcal valoramos muy positivamente la apuesta de \u00c1ltima por la calidad, la innovaci\u00f3n y la integraci\u00f3n paisaj\u00edstica, as\u00ed como su compromiso con la sostenibilidad y con un servicio p\u00fablico moderno y humanizado, plenamente alineado con los valores que defendemos como instituci\u00f3n.\u201d<\/em><\/p><\/blockquote>\n<blockquote><p>Tal y como ha afirmado el consejero delegado de \u00c1ltima, Joan Ventura, durante la inauguraci\u00f3n:\u00a0<em>\u00abLa vocaci\u00f3n corporativa de \u00c1ltima es ofrecer siempre un servicio de excelencia a las familias que nos dan confianza en un momento siempre delicado y dif\u00edcil. Un nuevo equipamiento, moderno, confortable y respetuoso con el medio ambiente como \u00e9ste, nos permite seguir cumpliendo con nuestra misi\u00f3n de servicio en un nuevo espacio que se integra perfectamente en el entorno natural incomparable del Parque Natural de Collserola\u201c.<\/em><\/p><\/blockquote>\n<p><img loading=\"lazy\" decoding=\"async\" class=\"size-medium wp-image-60456 entered litespeed-loaded aligncenter\" src=\"https:\/\/revistafuneraria.com\/wp-content\/uploads\/2026\/01\/altima2712026c-300x195.jpg\" sizes=\"(max-width: 300px) 100vw, 300px\" srcset=\"https:\/\/revistafuneraria.com\/wp-content\/uploads\/2026\/01\/altima2712026c-300x195.jpg 300w, https:\/\/revistafuneraria.com\/wp-content\/uploads\/2026\/01\/altima2712026c.jpg 650w\" alt=\"\" width=\"300\" height=\"195\" data-lazyloaded=\"1\" data-src=\"https:\/\/revistafuneraria.com\/wp-content\/uploads\/2026\/01\/altima2712026c-300x195.jpg\" data-srcset=\"https:\/\/revistafuneraria.com\/wp-content\/uploads\/2026\/01\/altima2712026c-300x195.jpg 300w, https:\/\/revistafuneraria.com\/wp-content\/uploads\/2026\/01\/altima2712026c.jpg 650w\" data-sizes=\"(max-width: 300px) 100vw, 300px\" data-ll-status=\"loaded\" \/><\/p>\n<h2><\/h2>\n<h2><strong>Un espacio pensado para ofrecer proximidad y calidez<\/strong><\/h2>\n<p style=\"text-align: justify;\">La nueva sede de servicios de \u00c1ltima en el Cementerio Comarcal de Roques Blanques ofrece una recepci\u00f3n luminosa y diferentes espacios de atenci\u00f3n personalizada que contemplan salas de reuni\u00f3n para poder acompa\u00f1ar a las familias con discreci\u00f3n, y dos salas de crematorio:<\/p>\n<ul>\n<li>La sala ALZINA, pensada para el acompa\u00f1amiento m\u00e1s \u00edntimo.<\/li>\n<li>La sala ROURE y la sala de ceremonias, con acceso directo al patio exterior, y donde la luz y la naturaleza ayudan a crear un ambiente de calma.<\/li>\n<\/ul>\n<p style=\"text-align: justify;\">La sala de ceremonias del edificio tambi\u00e9n se puede utilizar de forma independiente al crematorio y tiene una capacidad para m\u00e1s de 80 personas sentadas.<\/p>\n<p><img loading=\"lazy\" decoding=\"async\" class=\"size-medium wp-image-60454 entered litespeed-loaded aligncenter\" src=\"https:\/\/revistafuneraria.com\/wp-content\/uploads\/2026\/01\/altima2712026b-208x300.jpg\" sizes=\"(max-width: 208px) 100vw, 208px\" srcset=\"https:\/\/revistafuneraria.com\/wp-content\/uploads\/2026\/01\/altima2712026b-208x300.jpg 208w, https:\/\/revistafuneraria.com\/wp-content\/uploads\/2026\/01\/altima2712026b.jpg 451w\" alt=\"\" width=\"208\" height=\"300\" data-lazyloaded=\"1\" data-src=\"https:\/\/revistafuneraria.com\/wp-content\/uploads\/2026\/01\/altima2712026b-208x300.jpg\" data-srcset=\"https:\/\/revistafuneraria.com\/wp-content\/uploads\/2026\/01\/altima2712026b-208x300.jpg 208w, https:\/\/revistafuneraria.com\/wp-content\/uploads\/2026\/01\/altima2712026b.jpg 451w\" data-sizes=\"(max-width: 208px) 100vw, 208px\" data-ll-status=\"loaded\" \/><\/p>\n<h2><\/h2>\n<h2><strong>El compromiso corporativo de \u00c1ltima con el medio ambiente<\/strong><\/h2>\n<p style=\"text-align: justify;\">Las nuevas instalaciones de servicios se han llevado a cabo siguiendo el criterio corporativo innegociable de \u00c1ltima de compromiso con la sostenibilidad y la calidad.<\/p>\n<p style=\"text-align: justify;\">A la zona posterior, con acceso independiente, se han ubicado las instalaciones t\u00e9cnicas:<\/p>\n<ul>\n<li>Dos hornos crematorios de \u00faltima generaci\u00f3n, con sistemas avanzados de filtrado.<\/li>\n<li>Tecnolog\u00eda de recuperaci\u00f3n de energ\u00eda para climatizar el edificio de forma eficiente y sostenible.<\/li>\n<\/ul>\n<hr \/>\n<p><em><strong>Tomado de:<\/strong> Revista Funeraria: <a href=\"https:\/\/revistafuneraria.com\/altima-pone-en-servicio-el-nuevo-edificio-corporativo-de-servicios-generales-en-el-cementerio-comarcal-de-roques-blanques\/\" target=\"_blank\" rel=\"noreferrer noopener\" aria-label=\"www.revistafuneraria.com (abre en una nueva pesta\u00f1a)\">www.revistafuneraria.com<\/a><\/em><\/p>\n","protected":false},"excerpt":{"rendered":"<p>La compa\u00f1\u00eda\u00a0\u00c1ltima, empresa afiliada a ALPAR en Espa\u00f1a, entre las l\u00edderes del sector funerario en Catalu\u00f1a, en su vocaci\u00f3n de ofrecer siempre un servicio de excelencia a las familias, ha inaugurado el nuevo edificio corporativo de servicios en el Cementerio Comarcal de Roques Blanques (El Papiol, Barcelona). El edificio, obra del estudio de arquitectura Batlle [&hellip;]<\/p>\n","protected":false},"author":106,"featured_media":3668,"comment_status":"open","ping_status":"open","sticky":false,"template":"","format":"standard","meta":{"_et_pb_use_builder":"","_et_pb_old_content":"","_et_gb_content_width":"","footnotes":""},"categories":[3],"tags":[],"class_list":["post-3667","post","type-post","status-publish","format-standard","has-post-thumbnail","hentry","category-articulos"],"_links":{"self":[{"href":"https:\/\/alpar.com.co\/blog\/wp-json\/wp\/v2\/posts\/3667","targetHints":{"allow":["GET"]}}],"collection":[{"href":"https:\/\/alpar.com.co\/blog\/wp-json\/wp\/v2\/posts"}],"about":[{"href":"https:\/\/alpar.com.co\/blog\/wp-json\/wp\/v2\/types\/post"}],"author":[{"embeddable":true,"href":"https:\/\/alpar.com.co\/blog\/wp-json\/wp\/v2\/users\/106"}],"replies":[{"embeddable":true,"href":"https:\/\/alpar.com.co\/blog\/wp-json\/wp\/v2\/comments?post=3667"}],"version-history":[{"count":1,"href":"https:\/\/alpar.com.co\/blog\/wp-json\/wp\/v2\/posts\/3667\/revisions"}],"predecessor-version":[{"id":3669,"href":"https:\/\/alpar.com.co\/blog\/wp-json\/wp\/v2\/posts\/3667\/revisions\/3669"}],"wp:featuredmedia":[{"embeddable":true,"href":"https:\/\/alpar.com.co\/blog\/wp-json\/wp\/v2\/media\/3668"}],"wp:attachment":[{"href":"https:\/\/alpar.com.co\/blog\/wp-json\/wp\/v2\/media?parent=3667"}],"wp:term":[{"taxonomy":"category","embeddable":true,"href":"https:\/\/alpar.com.co\/blog\/wp-json\/wp\/v2\/categories?post=3667"},{"taxonomy":"post_tag","embeddable":true,"href":"https:\/\/alpar.com.co\/blog\/wp-json\/wp\/v2\/tags?post=3667"}],"curies":[{"name":"wp","href":"https:\/\/api.w.org\/{rel}","templated":true}]}}