{"id":488,"date":"2018-02-20T14:08:11","date_gmt":"2018-02-20T14:08:11","guid":{"rendered":"http:\/\/alpar.com.co\/blog\/?p=488"},"modified":"2018-02-20T17:06:05","modified_gmt":"2018-02-20T17:06:05","slug":"despedir-a-un-hijo","status":"publish","type":"post","link":"https:\/\/alpar.com.co\/blog\/despedir-a-un-hijo\/","title":{"rendered":"Despedir a un hijo"},"content":{"rendered":"<p style=\"text-align: justify;\"><strong>En los tres parques del cementerio Parque del Recuerdo existe un columbario com\u00fan especial, al que recurren cerca de 300 familias al a\u00f1o para depositar las cenizas de sus hijos, quienes han fallecido antes de nacer, o han nacido y vivido por hasta 28 d\u00edas, producto de una inviabilidad fetal o un embarazo de alto riesgo. Se trata de un programa que, en conjunto con la Funeraria del Hogar de Cristo, proporciona de manera gratuita el retiro de los cuerpos y el proceso de incineraci\u00f3n, responso y resguardo de mortinatos y neonatos. \u201cEllos tambi\u00e9n necesitan iniciar su duelo\u201d, dice el equipo, que est\u00e1 pr\u00f3ximo a celebrar 10 a\u00f1os del programa.<\/strong><\/p>\n<hr size=\"1\" width=\"150\" \/>\n<p style=\"text-align: center;\"><em>Por Almendra Arcaya L. \/ Fotograf\u00eda: Alejandro Araya y Carolina Vargas \/ Foto principal:\u00a0columbario com\u00fan, sede Puente Alto, gentileza Dignifica. Revista Paula.cl. www.paula.cl<\/em><\/p>\n<hr size=\"1\" width=\"150\" \/>\n<p style=\"text-align: justify;\">Son las 16:50 horas de un jueves y en el frontis del cinerario del Parque del Recuerdo, en la comuna de Huechuraba, hay cerca de 60 personas. Algunas familias han llegado vestidas completamente de negro. Otras, con canastos y ramos de flores blancas, y globos. En un patio contiguo, detr\u00e1s de un muro de \u00e1rboles y arbustos, permanecen estacionadas dos vans, de color gris plata y marca Mercedes-Benz. En cada una de ellas se dejan entrever, a trav\u00e9s de sus ventanales transparentes, tres cajones de madera, de 50 x 50 cm. En su interior, los restos de 12 nonatos y reci\u00e9n nacidos.<\/p>\n<p style=\"text-align: justify;\">Entre la aglomeraci\u00f3n de personas, circulan dos anfitrionas del cementerio, de blusa blanca y falda y pantal\u00f3n azul marino. Ambas sostienen en sus manos una carpeta pl\u00e1stica blanca que contiene dentro las fichas de Aar\u00f3n, Benjam\u00edn, C\u00e9sar, Gabriel, Lucas, Luciana y Maximiliano.<\/p>\n<p style=\"text-align: justify;\">Una escena similar presenci\u00f3 Bernardita L\u00f3pez (34) y su marido Nicol\u00e1s Fuenzalida (35) el 7 de diciembre, cuando junto a sus dos hijos mayores, Agust\u00edn (12) y Emilio (9), asistieron al responso de Santiago, su tercer hijo, quien falleci\u00f3 el 26 de noviembre, a las 16 semanas de gestaci\u00f3n, en la cl\u00ednica Bicentenario.<\/p>\n<p style=\"text-align: justify;\">Santiago no fue planificado. Al momento de embarazarse, Bernardita llevaba 4 a\u00f1os con un tratamiento con progesterona, luego de que le detectaran un engrosamiento del endometrio que le provocaba sangramientos por hasta 30 d\u00edas. Y utilizaba como \u00fanico m\u00e9todo anticonceptivo el conteo de d\u00edas. <em>\u201cEl doctor me dec\u00eda: \u2018Sin ning\u00fan m\u00e9todo anticonceptivo, la progesterona es como hacerle la cuna a la guagua\u2019. Pero yo pensaba que por lo del \u00fatero jam\u00e1s podr\u00eda quedar embarazada de nuevo\u201d,<\/em> recuerda.<\/p>\n<p style=\"text-align: justify;\"><img loading=\"lazy\" decoding=\"async\" class=\" wp-image-491 alignleft\" src=\"http:\/\/alpar.com.co\/blog\/wp-content\/uploads\/02-2-Bernardita-L\u00f3pez-y-Nicol\u00e1s-Fuenzalida-200x300.jpg\" alt=\"\" width=\"233\" height=\"350\" srcset=\"https:\/\/alpar.com.co\/blog\/wp-content\/uploads\/02-2-Bernardita-L\u00f3pez-y-Nicol\u00e1s-Fuenzalida-200x300.jpg 200w, https:\/\/alpar.com.co\/blog\/wp-content\/uploads\/02-2-Bernardita-L\u00f3pez-y-Nicol\u00e1s-Fuenzalida-768x1151.jpg 768w, https:\/\/alpar.com.co\/blog\/wp-content\/uploads\/02-2-Bernardita-L\u00f3pez-y-Nicol\u00e1s-Fuenzalida-683x1024.jpg 683w, https:\/\/alpar.com.co\/blog\/wp-content\/uploads\/02-2-Bernardita-L\u00f3pez-y-Nicol\u00e1s-Fuenzalida.jpg 1000w\" sizes=\"(max-width: 233px) 100vw, 233px\" \/>El 9 de septiembre, tras una semana de atraso, se hizo un test de orina. <em>\u201cCuando sali\u00f3 positivo me puse a llorar. Me sent\u00eda irresponsable, tengo un sobrepeso importante y ni mi cuerpo ni mi trabajo como due\u00f1a de una panader\u00eda, en la que tenemos que estar todo el d\u00eda, lo permit\u00edan\u201d<\/em>, dice, cuando recuerda ese momento. <em>\u201cNos cost\u00f3 ene asumirlo y explic\u00e1rselo a nuestros hijos\u201d.<\/em><\/p>\n<p style=\"text-align: justify;\">Al d\u00eda siguiente, cuando asisti\u00f3 a la cl\u00ednica, le confirmaron que ten\u00eda 3 semanas de embarazo. Santiago estaba bien en peso y frecuencia cardiaca. Todo avanz\u00f3 con normalidad hasta que el viernes 24 de noviembre, cuando estaba por cumplir las 16 semanas, se levant\u00f3 de la mesa luego de tomar once con sus hijos, y sinti\u00f3 que se \u201chizo pip\u00ed\u201d.<\/p>\n<p style=\"text-align: justify;\">Cuando lleg\u00f3 a la cl\u00ednica la presencia de l\u00edquido amni\u00f3tico dio positivo, pero la frecuencia cardiaca de Santiago segu\u00eda estable. Al otro d\u00eda asisti\u00f3 a una consulta de sobrecupo con el ec\u00f3grafo de la maternidad. <em>\u201cHab\u00eda una reducci\u00f3n importante del l\u00edquido, mi beb\u00e9 estaba m\u00e1s apretado y, por las medidas, ten\u00eda su cabeza ovalada. El doctor me dijo: \u2018Puedo sentir su coraz\u00f3n porque late, pero no puedo ver ni sus pulmones ni sus ri\u00f1ones. Est\u00e1 muy apretado, como cuando a un globo inflado comienzas a sacarle el aire\u2019\u201d.<\/em> Luego le sugiri\u00f3 que se fuera a urgencia y que pidiera que la hospitalizaran. Al d\u00eda siguiente, las causas de la rotura de membrana a\u00fan se desconoc\u00edan.<\/p>\n<p style=\"text-align: justify;\"><em>\u201cDentro de las posibilidades estaba que el beb\u00e9, por milagro, recuperara parte del l\u00edquido perdido y as\u00ed optar por un embarazo que llegara a las 24 semanas, con reposo absoluto. Tambi\u00e9n me dijeron que iba a nacer con complicaciones, que probablemente su desarrollo pulmonar iba a ser nulo y que podr\u00eda verse afectado el desarrollo de sus huesos. De 100 casos, dijo el doctor, era 1 el que podr\u00eda sobrevivir\u201d,<\/em> recuerda Bernardita.<\/p>\n<p style=\"text-align: justify;\">Dos d\u00edas despu\u00e9s de hospitalizarse, mientras su marido Nicol\u00e1s realizaba algunas entregas de la panader\u00eda, ella, a\u00fan en la cl\u00ednica, tuvo ganas de ir al ba\u00f1o. Cuando se levant\u00f3 de la taza sinti\u00f3 que ten\u00eda algo entre las piernas. <em>\u201cEra Santiago. Lo ten\u00eda entre mis manos\u2026 eso fue fuerte, muy fuerte. Era un beb\u00e9 en miniatura, med\u00eda 20 cm, pero estaba entero. Su cabeza, su carita, sus ojos, sus pies, era como un mu\u00f1equito de cera\u201d,<\/em> relata.<\/p>\n<p style=\"text-align: justify;\">Minutos despu\u00e9s, Bernardita entr\u00f3 de urgencia a pabell\u00f3n. Luego de cortar el cord\u00f3n umbilical el doctor le pregunt\u00f3<em>: \u201c\u00bfQu\u00e9 quieres hacer con el cuerpo? Se pueden hacer varias cosas, pero va a venir una matrona a conversar contigo\u201d. \u201c\u2019No tengo idea\u2019, pens\u00e9. \u2018\u00bfQu\u00e9 se puede hacer?, \u00bfqueda como material de desecho?\u2019, no sab\u00eda que pod\u00eda llev\u00e1rmelo\u201d<\/em>, cuenta.<\/p>\n<p style=\"text-align: justify;\">Cuando lleg\u00f3 la matrona, le explic\u00f3 cu\u00e1les eran sus alternativas. <em>\u201cUna opci\u00f3n es que el cuerpo quede como desecho hospitalario. Otra, es que elijan realizarle un estudio patol\u00f3gico para determinar el motivo de su muerte y, lo tercero, ser\u00eda retirarlo y enterrarlo por su propia cuenta, o a trav\u00e9s del programa Dignifica\u201d<\/em>, les dijo, y les explic\u00f3 de qu\u00e9 se trataba: <em>\u201cCon el fin de acompa\u00f1ar a los padres en el dolor de la p\u00e9rdida de un hijo, Parque del Recuerdo junto a la Funeraria Hogar de Cristo desarrollaron el programa Dignifica en el a\u00f1o 2008, con el prop\u00f3sito de entregar una alternativa gratuita de digna sepultura para los beb\u00e9s fallecidos en Santiago\u201d<\/em>, se lee en el protocolo.<\/p>\n<p style=\"text-align: justify;\">Bernardita pregunt\u00f3 qu\u00e9 costo ten\u00eda, si enterrar\u00edan o cremar\u00edan el cuerpo, y d\u00f3nde quedar\u00eda. Le respondieron que era gratuito, que el cuerpo ser\u00eda cremado y que quedar\u00eda en un columbario com\u00fan, juntos a otras guag\u00fcitas.<\/p>\n<p style=\"text-align: justify;\">Bernardita y Nicol\u00e1s se acogieron al programa. El lunes siguiente los contact\u00f3 por tel\u00e9fono Sandra S\u00e1ez (44), supervisora del Contact Center de la funeraria y coordinadora del programa.<\/p>\n<p style=\"text-align: justify;\"><em>\u2013Hola, soy Sandra S\u00e1ez, la estoy llamando del Hogar de Cristo porque usted adscribi\u00f3 al programa Dignifica en la cl\u00ednica Bicentenario<\/em> \u2013inici\u00f3 la conversaci\u00f3n.<img loading=\"lazy\" decoding=\"async\" class=\" wp-image-492 alignright\" src=\"http:\/\/alpar.com.co\/blog\/wp-content\/uploads\/02-3-Sandra-S\u00e1ez-200x300.jpg\" alt=\"\" width=\"251\" height=\"377\" srcset=\"https:\/\/alpar.com.co\/blog\/wp-content\/uploads\/02-3-Sandra-S\u00e1ez-200x300.jpg 200w, https:\/\/alpar.com.co\/blog\/wp-content\/uploads\/02-3-Sandra-S\u00e1ez-768x1152.jpg 768w, https:\/\/alpar.com.co\/blog\/wp-content\/uploads\/02-3-Sandra-S\u00e1ez-683x1024.jpg 683w, https:\/\/alpar.com.co\/blog\/wp-content\/uploads\/02-3-Sandra-S\u00e1ez.jpg 1000w\" sizes=\"(max-width: 251px) 100vw, 251px\" \/><\/p>\n<p style=\"text-align: justify;\"><em>\u201cHay mamitas que piensan que a la guag\u00fcita la van a sepultar o que van a poder poner una l\u00e1pida\u201d,<\/em> cuenta Sandra, quien realiza entre 4 y 12 llamados como estos, todos los lunes, a madres que se han atendido en uno de los 11 hospitales p\u00fablicos o 7 cl\u00ednicas de la Regi\u00f3n Metropolitana adscritas al programa \u2013como el Hospital S\u00f3tero del R\u00edo y el Hospital Barros Luco, y las cl\u00ednicas Alemana, D\u00e1vila y Santa Mar\u00eda, adem\u00e1s del Hospital Regional de Rancagua y la Cl\u00ednica Ciudad del Mar (Vi\u00f1a del Mar)\u2013, cuyos hijos hayan fallecido en el \u00fatero de sus madres en las \u00faltimas 20 semanas de gestaci\u00f3n (mortinatos) o hayan nacido y vivido por hasta 28 d\u00edas (neonatos), producto de un embarazo de alto riesgo o una inviabilidad fetal.<\/p>\n<p style=\"text-align: justify;\"><em>\u201cEl programa contempla la incineraci\u00f3n. Se trata de un columbario com\u00fan que contiene todas las cenizas, guardadas por separado e identificadas, por si los padres quisieran arrepentirse y retirarlas, lo que en general son casos escasos. Si al momento de adscribirse quisieran retirar las cenizas, ese proceso se puede realizar, pero tiene un costo\u201d,<\/em> explica Sandra.<\/p>\n<p style=\"text-align: justify;\">A veces, cuenta, las madres lloran apenas contestan. <em>\u201cTrato de darles contenci\u00f3n, les digo que puedo esperar, por si quisieran tomarse un minuto o tomar agua, o que puedo llamarlas en otro momento\u201d,<\/em> detalla. Tambi\u00e9n le han tocado casos en los que percibe indiferencia. <em>\u201cHay mam\u00e1s que no quieren saber nada de nada de su beb\u00e9. Recuerdo un caso en el que la mam\u00e1 parec\u00eda fr\u00eda al tel\u00e9fono, como si le diera lo mismo, pero cuando vino a la ceremonia la vi destrozada\u201d.<\/em><\/p>\n<p style=\"text-align: justify;\">Luego de validar los datos personales, Sandra les cuenta sobre las tres alternativas de columbarios, en los tres parques del Parque del Recuerdo, en las comunas de Huechuraba, Puente Alto y Pe\u00f1aflor. Tambi\u00e9n les pregunta el nombre de su guagua. <em>\u201cAlgunas mamitas se complican, porque cuando son embarazos de pocas semanas a veces el sexo no est\u00e1 determinado. Pero ah\u00ed les digo: \u2018\u00bfQu\u00e9 le dice su instinto de mam\u00e1?\u2019. Casi siempre me dicen el nombre, as\u00ed pueden mencionarlos por su nombre y apellido en la ceremonia, y no como un NN\u201d<\/em>, explica.<\/p>\n<p style=\"text-align: justify;\">Posteriormente les informa que su hijo ser\u00e1 retirado el jueves m\u00e1s cercano por una carroza de la funeraria y los cita, ese mismo d\u00eda, a un responso a las 17 horas en el cinerario del Parque del Recuerdo, en Huechuraba.<\/p>\n<p style=\"text-align: justify;\">David Berr\u00edos tiene 50 a\u00f1os y es uno de los funcionarios que cada jueves realiza el retiro y traslado de los beb\u00e9s desde el centro de salud hasta la ceremonia de responso. Su jornada comienza a las 8:30 de la ma\u00f1ana y, calcula, recorre entre 4 y 5 comunas al d\u00eda recibiendo y depositando, personalmente, los restos y cuerpos de los mortinatos y neonatos en cada uno de los ata\u00fades.<\/p>\n<p style=\"text-align: justify;\"><em>\u201cAun cuando estemos mentalizados hay una carga emocional, de dolor. No solo por esa guag\u00fcita, sino por la familia, por esas mam\u00e1s. La primera vez que tuve que poner a una guag\u00fcita en un caj\u00f3n fue impactante, es fuerte ver los procesos en los que se forma una guag\u00fcita, o ver a guag\u00fcitas de t\u00e9rmino, de 50 cm, que no sobrevivieron. No tenemos contacto con las familias, pero cuando uno llega ac\u00e1 y ellos se acercan a ver los ata\u00fades y se quiebran, es inevitable empatizar. Uno trata de ser muy cuidadoso en c\u00f3mo los recibe y deja en los ata\u00fades, y la gente lo agradece\u201d,<\/em> asegura.<\/p>\n<p style=\"text-align: justify;\"><em>\u201cHay mam\u00e1s que preguntan si pueden ir a vestir a sus guag\u00fcitas o si pueden acompa\u00f1ar la carroza con un cortejo, pero es dif\u00edcil, porque la carroza realiza un recorrido entre las 10 y las 16 hrs, por varias comunas y centros de salud. Pero las mam\u00e1s lo entienden bien, es un programa de apoyo y lo agradecen, muchas de ellas no tienen los recursos para contratar un servicio funerario\u201d<\/em>, cuenta Sandra, quien calcula en unos 500 mil pesos un servicio que incluye incineraci\u00f3n, para un reci\u00e9n nacido.<\/p>\n<p style=\"text-align: justify;\">A este dilema se enfrent\u00f3 el preparador f\u00edsico \u00d3scar Aranda (24) y su pareja, la ingeniera en inform\u00e1tica Karla Luna (24), quien a los dos meses de embarazo se enter\u00f3 de que esperaban gemelas: Maite Alejandra y Lissette Andrea. Cuando cumplieron 5 meses de gestaci\u00f3n, el pasado 7 de diciembre, y fueron a un control de rutina en el hospital F\u00e9lix Bulnes, les dijeron que Karla ten\u00eda el cuello uterino corto. Ese mismo d\u00eda comenz\u00f3 a dilatarse. <em>\u201cTus hijas van a morir, y si intentamos hacer algo para salvarlas, correr\u00edas demasiado riesgo\u201d,<\/em> le explicaron.<\/p>\n<p style=\"text-align: justify;\">Ese mismo d\u00eda, a las 2 de la ma\u00f1ana, falleci\u00f3 Maite, y Karla comenz\u00f3 un trabajo de parto natural. A las 4:20 hrs de la madrugada pudo tener a Maite entre sus brazos. Fue en ese momento en que le comentaron sobre el programa. Sin l\u00edquido amni\u00f3tico, dado que compart\u00edan la misma placenta, 9 horas despu\u00e9s falleci\u00f3 Lissette, quien tambi\u00e9n tuvo un parto sin intervenciones ni anestesia. Karla y \u00d3scar se negaron al estudio patol\u00f3gico y accedieron al programa.<\/p>\n<p style=\"text-align: justify;\"><em>\u201cNo ten\u00edamos ahorros y yo estaba sin trabajo. Darles un entierro digno, como ellas merec\u00edan, nos iba a costar m\u00e1s de 1 mill\u00f3n de pesos. El traslado, la incineraci\u00f3n, la sepultura, no ten\u00edamos esa plata. El programa fue un alivio dentro de tanto dolor\u201d,<\/em> asegura Karla, quien reconoce que su \u00fanica aprensi\u00f3n fue que se tratara de un columbario com\u00fan. <em>\u201cAl principio fue un tema, pero pronto ca\u00edmos en cuenta de que lo que nosotros quer\u00edamos era la ceremonia, el proceso, para poder avanzar. Independiente de c\u00f3mo y d\u00f3nde queden, podr\u00edamos visitarlas y saber que sus cuerpos estaban ah\u00ed, aun cuando su esp\u00edritu est\u00e1 con nosotros. Eso fue esencial para comenzar el duelo\u201d,<\/em> asegura.<\/p>\n<p style=\"text-align: justify;\"><strong>\u00a0<\/strong><\/p>\n<h4 style=\"text-align: center;\"><strong>12 angelitos<\/strong><\/h4>\n<p style=\"text-align: justify;\"><strong><br \/>\n<\/strong>A las 17:15 hrs, 15 minutos despu\u00e9s de la citaci\u00f3n, caminan hacia el frontis del cinerario 4 operarios del Parque del Recuerdo. De dos en dos, tiran dos estructuras met\u00e1licas que encima llevan los 6 ata\u00fades de madera. Adheridas a cada uno, se distinguen dos etiquetas rectangulares blancas que llevan escrito los datos de padres e hijos. Detr\u00e1s de los operarios, y rodeando los ata\u00fades, caminan entre 20 y 30 personas. Algunas sacan fotos o graban con su celular, otras avanzan pausadas y en silencio.<\/p>\n<p style=\"text-align: justify;\"><em>\u201cEn el nombre del padre, del hijo y del Esp\u00edritu Santo. Hoy nos reunimos como hermanos para honrar a estos 12 angelitos. Por una raz\u00f3n que nunca entenderemos, Dios se ha llevado a estos angelitos. Te rogamos por los padres que lloran a sus peque\u00f1itos\u201d<\/em>, predica un di\u00e1cono de pelo blanco, en una sala de paredes claras y amplios ventanales, que separan el lugar de los 33\u00b0 que hay afuera. En la entrada, escrito sobre una de sus paredes, se lee: \u201cP\u00f3rtico de la esperanza\u201d.<\/p>\n<p style=\"text-align: justify;\">En la sala se escuchan sollozos y llantos constantemente. Los padres est\u00e1n acompa\u00f1ados de amigos y familiares. Luego de que el di\u00e1cono derrama con un olivo agua bendita sobre los ata\u00fades, bautiza a los beb\u00e9s e invita a darse la paz, dos operarios comienzan a girar una palanca que hace descender los primeros tres ata\u00fades. Lo mismo despu\u00e9s con los tres ata\u00fades restantes. A medida que estos descienden, una madre, vestida de negro y con anteojos de sol, posa su mano sobre el ata\u00fad de su hijo y se inclina, llorando, hasta que su brazo ya no alcanza a tocarlo.<\/p>\n<p><img loading=\"lazy\" decoding=\"async\" class=\"wp-image-493 aligncenter\" src=\"http:\/\/alpar.com.co\/blog\/wp-content\/uploads\/02-4-columbario-300x198.jpg\" alt=\"\" width=\"663\" height=\"438\" srcset=\"https:\/\/alpar.com.co\/blog\/wp-content\/uploads\/02-4-columbario-300x198.jpg 300w, https:\/\/alpar.com.co\/blog\/wp-content\/uploads\/02-4-columbario-768x508.jpg 768w, https:\/\/alpar.com.co\/blog\/wp-content\/uploads\/02-4-columbario.jpg 1000w\" sizes=\"(max-width: 663px) 100vw, 663px\" \/><\/p>\n<h5><\/h5>\n<h5 style=\"text-align: center;\"><strong>\u00a0<\/strong><strong>Derecho al duelo<\/strong><\/h5>\n<p style=\"text-align: justify;\">Seg\u00fan los registros del Ministerio de Salud (Minsal) y el Departamento de Estad\u00edsticas e Informaci\u00f3n de Salud (DEIS), cada a\u00f1o se producen en Chile cerca de 2 mil defunciones fetales, de las cuales, calculan, casi 500 de ellas corresponden a casos de inviabilidad. Y, en promedio, mueren anualmente entre 1.200 y 1.300 beb\u00e9s nacidos vivos, antes de cumplir los 28 d\u00edas de vida.<\/p>\n<p style=\"text-align: justify;\">Desde el funcionamiento oficial del programa (2008), el Parque del Recuerdo y el Hogar de Cristo registran 2.953 servicios. En promedio, 295 casos anuales, entre mortinatos y neonatos, de los cuales la mayor\u00eda proviene de centros de salud p\u00fablica. De hecho, durante 2016, fueron el 87% de los casos totales.<\/p>\n<p style=\"text-align: justify;\">Sobre la proporci\u00f3n de padres que solicitan retirar los restos o cuerpos, y aquellos que optan por dejarlos en los centros de salud, no existen cifras oficiales, aseguran desde el Minsal. Sin embargo, desde la Fundaci\u00f3n Amparos, agrupaci\u00f3n de padres que desde 2014 proporciona, de forma gratuita, acompa\u00f1amiento sicol\u00f3gico y orientaci\u00f3n a padres que han pasado por una muerte perinatal, estiman que de los 100 casos que reciben anualmente, cerca de un 90% de los padres decide retirar a su hijo o hija.<\/p>\n<p style=\"text-align: justify;\">Este proceso es posible desde el a\u00f1o 2003, luego de que en los a\u00f1os 90 un grupo de padres que hab\u00eda perdido a un hijo antes de nacer solicitaron p\u00fablicamente, a trav\u00e9s de cartas al director y columnas de opini\u00f3n, que se les permitiera enterrar a sus hijos, cumpliendo as\u00ed con un rito de despedida.<\/p>\n<p style=\"text-align: justify;\"><em>\u201cHasta entonces, las cl\u00ednicas y hospitales sol\u00edan eliminar al feto con el resto de los desechos biol\u00f3gicos, y cuando los padres acud\u00edan a buscarlos, ya no hab\u00eda nada que entregarles. Si una madre quer\u00eda sepultar los restos embrionarios, pese a que la ley le otorgaba ese derecho, se ve\u00eda privada de hacerlo, porque cuando tomaba conocimiento de lo ocurrido los restos hab\u00edan sido cremados o enviados a centros de investigaci\u00f3n\u201d,<\/em> explica la doctora Sof\u00eda Salas, Directora del Programa de \u00c9tica y Pol\u00edticas P\u00fablicas en Reproducci\u00f3n Humana de la Universidad Diego Portales.<\/p>\n<p style=\"text-align: justify;\">Las demandas encontraron eco en m\u00e9dicos, principalmente neonat\u00f3logos y obstetras, quienes los apoyaron en buscar una salida legal. Fue ese llamado el que en 1994 convoc\u00f3 al fallecido doctor y ex director del hospital S\u00f3tero del R\u00edo, Sergio Corval\u00e1n, a impulsar el programa Dignifica, junto al padre Renato Poblete, en ese entonces capell\u00e1n del Hogar de Cristo.<\/p>\n<p style=\"text-align: justify;\"><em>\u201cLa historia comienza [\u2026] a ra\u00edz de una serie de publicaciones que le\u00ed en la prensa, donde aparec\u00edan varios casos de cuerpos de ni\u00f1itos que eran hallados en la basura. [\u2026] As\u00ed se inicia esta campa\u00f1a, larga, golpeando muchas puertas en comisiones de \u00e9tica, el Colegio M\u00e9dico y la direcci\u00f3n del hospital (S\u00f3tero del R\u00edo), que ten\u00eda como principal objetivo darles dignidad a estos peque\u00f1os chilenos que no nacieron, pero que s\u00ed existieron\u201d,<\/em> relata Corval\u00e1n, en una entrevista publicada en 2011 en el canal de Youtube del Parque del Recuerdo.<\/p>\n<p style=\"text-align: justify;\">Esta inquietud por resguardar el derecho al duelo dio origen al Proyecto de Ley Sobre Tratamiento Legal de Restos Embrionarios y Fetales, que se promulg\u00f3 en diciembre de 2003 y se concret\u00f3 en un decreto que insta a los equipos m\u00e9dicos a informar a la madre, antes de ingresar a pabell\u00f3n, sobre este derecho, y obliga a cl\u00ednicas y hospitales a entregar los restos embrionarios a los padres que lo soliciten durante las siguientes 72 horas, independiente de su edad gestacional.<\/p>\n<p style=\"text-align: justify;\"><em><img loading=\"lazy\" decoding=\"async\" class=\" wp-image-494 alignleft\" src=\"http:\/\/alpar.com.co\/blog\/wp-content\/uploads\/02-5-Doctora-Sof\u00eda-Salas-217x300.jpg\" alt=\"\" width=\"253\" height=\"350\" srcset=\"https:\/\/alpar.com.co\/blog\/wp-content\/uploads\/02-5-Doctora-Sof\u00eda-Salas-217x300.jpg 217w, https:\/\/alpar.com.co\/blog\/wp-content\/uploads\/02-5-Doctora-Sof\u00eda-Salas-768x1061.jpg 768w, https:\/\/alpar.com.co\/blog\/wp-content\/uploads\/02-5-Doctora-Sof\u00eda-Salas-741x1024.jpg 741w, https:\/\/alpar.com.co\/blog\/wp-content\/uploads\/02-5-Doctora-Sof\u00eda-Salas.jpg 1000w\" sizes=\"(max-width: 253px) 100vw, 253px\" \/>\u201cEste decreto repar\u00f3 lo estipulado en el c\u00f3digo sanitario respecto a lo que se reconoc\u00eda como desechos biol\u00f3gicos, excluyendo la donaci\u00f3n de espermios, \u00f3vulos, sangre, m\u00e9dula \u00f3sea, huesos y piel, as\u00ed como todo producto de la concepci\u00f3n que no llegue a nacer vivo\u201d,<\/em> explica Salas, quien sostiene que uno de los mayores desaf\u00edos de la muerte de un no nacido es que suele vivirse en silencio.<\/p>\n<p style=\"text-align: justify;\"><em>\u201cRara vez hay ritos de despedida y, si ocurren, se realizan antes de que incluso se le pueda dar un nombre social a ese hijo. En ese contexto, el programa busca resolver este problema. Cada familia deber\u00e1 encontrar un rito que le haga sentido. Para algunos ser\u00e1 importante guardar un recuerdo tangible de esa existencia, evitando esconderlo, y en ese caso el equipo de salud juega un papel fundamental en facilitar que las familias conserven la impresi\u00f3n de la planta del pie, una foto, el cord\u00f3n umbilical. Es imperativo educar a los profesionales en estos aspectos, que pueden contribuir a un duelo m\u00e1s llevadero\u201d<\/em>, explica Salas.<\/p>\n<p style=\"text-align: justify;\">El manejo de los equipos m\u00e9dicos y c\u00f3mo estos comunican Dignifica a los padres es uno de los desaf\u00edos del programa, raz\u00f3n por la cual hasta 2014 realizaban capacitaciones presenciales, que luego fueron reemplazadas por un video interactivo, dirigido a las matronas, en el que se establece un protocolo de presentaci\u00f3n.<\/p>\n<p style=\"text-align: justify;\"><em>\u201cInevitablemente, el proceso de duelo se entrelaza con el contexto cl\u00ednico u hospitalario. Si el equipo m\u00e9dico no est\u00e1 sensibilizado con estos casos, no cuidar\u00e1 el espacio y tiempo adecuado en el que se entregue la informaci\u00f3n que hay disponible\u201d,<\/em> coincide Blanca Prat, Directora Ejecutiva de la Fundaci\u00f3n Amparos, quien asegura que, producto de esta falta de formaci\u00f3n, las madres podr\u00edan enfrentarse a una \u201ccadena de hostilidades\u201d.<\/p>\n<p style=\"text-align: justify;\"><em>\u201cLa falta de protocolos conlleva a errores, como el ocultamiento. Si una madre est\u00e1 en shock y no se siente preparada para ver a su hijo, hay t\u00e9cnicas. Una matrona puede ofrecerle describir a su guagua, decirle \u2018tiene la nariz as\u00ed, las manitos as\u00ed\u2019, invitarla a que toque una parte de su cuerpo, a darle un beso o a tenerlo durante horas en sus brazos, si as\u00ed lo quiere. Pero existe este frenes\u00ed de apurar y se olvida la importancia de este rito como parte del duelo que, si falta, aumenta las probabilidades de causar una depresi\u00f3n compleja. La mayor\u00eda de las madres que no vieron a sus hijos se arrepienten\u201d,<\/em> explica Prat.<\/p>\n<p style=\"text-align: justify;\">Andrea L\u00f3pez, matrona de la Universidad de Chile y acad\u00e9mica y directora del diplomado Manejo Integral del Duelo Perinatal de la Universidad San Sebasti\u00e1n, concuerda, y asegura que un equipo m\u00e9dico que tiene las competencias de asistencia frente a un diagn\u00f3stico adverso, potencialmente letal, puede hacer la diferencia en la forma en la que la madre elabora el duelo.<\/p>\n<p style=\"text-align: justify;\"><em>\u201cVa a ser decidor cu\u00e1nto se le permita a la madre involucrarse, que pueda elegir c\u00f3mo parir o cu\u00e1nto contacto tendr\u00e1 con su beb\u00e9. Hay iniciativas locales, como en el Tisn\u00e9 o el hospital de Puerto Montt, donde el equipo incentiva a los padres a armar una cajita, donde guardan las cositas con las que su beb\u00e9 tuvo contacto, como la pulsera con su nombre o los zapatitos que us\u00f3. Todas esas cosas constatan lo que los padres sienten: ese hijo existi\u00f3 y eso es una vivencia de ello\u201d,<\/em> explica.<\/p>\n<p style=\"text-align: justify;\">El desaf\u00edo, asegura, es que al no haber protocolos sistematizados, los procesos quedan a criterio de cada equipo. <em>\u201cPor formaci\u00f3n, el equipo va a perseguir la l\u00f3gica de salvar vidas, por tanto es probable que tomen a ese beb\u00e9, se lo quiten a su madre y lo reanimen, le den ox\u00edgeno y una serie de asistencias, en vez de dejarlo abrazadito con su madre las tres horas que va a vivir. Eso, inevitablemente, vuelve el duelo m\u00e1s lento. \u2018\u00bfPor qu\u00e9 cuando me quitaron a mi beb\u00e9 no dije nada?, \u00bfpor qu\u00e9 fui tan pasivo?, \u00bfpor qu\u00e9 no saqu\u00e9 una foto o guarde un poquito de su pelo?\u2019, se preguntar\u00e1n los padres. Ese cuestionamiento los lleva a una constante reflexi\u00f3n de lo que hubieran querido y atenta contra el proceso normal de la elaboraci\u00f3n del duelo, abriendo las posibilidades a una depresi\u00f3n o duelo patol\u00f3gico m\u00e1s fuerte\u201d<\/em>, asegura.<\/p>\n<p style=\"text-align: justify;\">El rito mortuorio es, tambi\u00e9n, infaltable, y en Chile suele adquirir un tinte religioso, aseguran los soci\u00f3logos Eduardo Valenzuela (62) y Mar\u00eda Gracia Cox (26), decano y analista de investigaci\u00f3n de la Facultad de Ciencias Sociales de la UC, respectivamente, y quienes hace 7 a\u00f1os elaboran el estudio <em>Los chilenos y la muerte<\/em> \u2013realizado por el Instituto de Sociolog\u00eda de la UC y el Parque del Recuerdo\u2013 que en su \u00faltima versi\u00f3n se\u00f1ala que un 74% de los chilenos le adjudica mucha y\/o algo de importancia a la realizaci\u00f3n de un rito <em>post mortem<\/em>.<\/p>\n<p style=\"text-align: justify;\"><em>\u201cEn todas las culturas se ritualizan las transiciones que son socialmente significativas. No es solo cuesti\u00f3n de nacer, sino que los reci\u00e9n nacidos sean presentados y reconocidos como parte de una comunidad humana determinada que, habitualmente, se hace a trav\u00e9s de un rito como el bautismo. Lo mismo sucede con la muerte, los cambios de estado requieren de alguna clase de reconocimiento social que ratifique que hubo una transici\u00f3n y que la nueva condici\u00f3n que se asume es socialmente aceptada\u201d,<\/em> explican.<\/p>\n<p style=\"text-align: justify;\"><strong>\u00a0<\/strong><\/p>\n<h4 style=\"text-align: center;\"><strong>Madres j\u00f3venes, madres migrantes<\/strong><\/h4>\n<p style=\"text-align: justify;\"><strong><br \/>\n<\/strong>Bernardita y Karla son parte del 77% de las madres de entre 23 y 39 a\u00f1os que fueron atendidas en el programa durante 2017, de un total de 407 casos. Y desde la aparici\u00f3n del programa a la fecha, la cifra de mujeres migrantes adscritas ha ido en aumento: en el \u00faltimo a\u00f1o conformaron un 28% de los casos totales. 93 madres de las cuales 39 corresponden a haitianas, 20 a peruanas y 11 a venezolanas.<\/p>\n<p style=\"text-align: justify;\">Una de las mayores preocupaciones de Sandra, al hacer contacto con las madres, es el idioma. \u201c<em>Hay madres haitianas que no tienen un traductor a mano y quedan sujetas a eso para validar y confirmar que sus guag\u00fcitas sean retiradas, porque no logramos entenderlas. Incluso he tenido que preguntarles su ubicaci\u00f3n e indicarles, paso a paso, c\u00f3mo trasladarse para llegar al responso, porque hay casos en los que, por error, llegan a otros cementerios y se pierden la ceremonia. He pensado en tomar clases, para interiorizarme en su idioma\u201d,<\/em> asegura.<\/p>\n<p style=\"text-align: justify;\">Naileth D\u00edaz (41) es venezolana y periodista de profesi\u00f3n, y lleg\u00f3 a Chile el 9 de marzo junto a su marido y su hija de dos a\u00f1os. Tres d\u00edas despu\u00e9s de aterrizar, calcula, qued\u00f3 embarazada. <em>\u201cSi puedo afirmar algo es que Chile es f\u00e9rtil\u201d,<\/em> dice con humor, y relata el camino que recorri\u00f3 para convertirse en madre: <em>\u201cDurante 5 a\u00f1os estuvimos buscando ni\u00f1os. En Venezuela me somet\u00ed a muchos tratamientos para quedar embarazada, pero nada funcion\u00f3 y los doctores me aseguraron que era est\u00e9ril, por unos miomas que ten\u00eda en el cuello del \u00fatero y las trompas. 15 d\u00edas despu\u00e9s de llegar a Chile me deb\u00eda llegar la menstruaci\u00f3n, pero se me atras\u00f3, y estaba muy mareada. Pens\u00e9 que era porque en Chile tiembla mucho, pero igualmente me hice un test de embarazo para descartar. Con mi marido no lo pod\u00edamos creer\u201d.<\/em><\/p>\n<p style=\"text-align: justify;\">Cuando lleg\u00f3 a su primer control, en el consultorio Padre Orellana, ten\u00eda 40 d\u00edas de embarazo. Ese d\u00eda la matrona la deriv\u00f3 al hospital San Borja Arriar\u00e1n, donde a los 6 meses de embarazo, luego de una ecograf\u00eda de rutina, le comunicaron que Aar\u00f3n, su hijo, ten\u00eda algunas malformaciones.<\/p>\n<p style=\"text-align: justify;\"><em>\u201cEn principio me dijeron que ten\u00eda un quiste en el cerebro. Luego que no se le hab\u00eda formado la mand\u00edbula y que no ten\u00eda es\u00f3fago. Pero yo siempre tuve fe de que mi hijo iba a vivir, lo est\u00e1bamos esperando, ten\u00edamos su ropa que nos hab\u00edan enviado de Venezuela. Nos comentaron tambi\u00e9n que, paulatinamente, se estaba aprobando esto del aborto y que yo era una de las personas que pod\u00eda decidir si segu\u00eda o no con el embarazo. Por mi fe cristiana yo quise llegar a t\u00e9rmino, decidimos ser felices con mi hijo el tiempo que Dios quisiera\u201d,<\/em> recuerda Naileth.<\/p>\n<p style=\"text-align: justify;\">Aar\u00f3n Duarte D\u00edaz ten\u00eda el s\u00edndrome de Edwards, una trisom\u00eda 18 y, seg\u00fan se\u00f1alaron los doctores, lo m\u00e1s probable era que falleciera en el \u00fatero de Naileth. El 24 de noviembre, a las 38 semanas de gestaci\u00f3n, Naileth fue hospitalizada por una preeclampsia. Aar\u00f3n naci\u00f3 esa tarde, a las 18:20 hrs, en un parto por ces\u00e1rea. Vivi\u00f3 durante 5 d\u00edas y muri\u00f3 en los brazos de Naileth.<\/p>\n<p style=\"text-align: justify;\">\u201c<em>Aar\u00f3n ten\u00eda es\u00f3fago, recibi\u00f3 leche materna y, al verlo, no ten\u00eda ninguna malformaci\u00f3n. Era bello, se puso su mejor traje para conocernos\u2026 se desvaneci\u00f3 en mis brazos. Luego de conversar una hora y media con la sic\u00f3loga, le habl\u00e9, le di cari\u00f1o y lo vest\u00ed, y ah\u00ed me hablaron del programa\u201d,<\/em> recuerda.<\/p>\n<p style=\"text-align: justify;\">Para Naileth, el programa fue un apoyo econ\u00f3mico, moral y sicol\u00f3gico. <em>\u201cMire, de verdad le digo, si ustedes no me apoyan aqu\u00ed en Chile, no s\u00e9 qu\u00e9 hubiese hecho. Nunca me<\/em><em><img loading=\"lazy\" decoding=\"async\" class=\" wp-image-490 alignright\" src=\"http:\/\/alpar.com.co\/blog\/wp-content\/uploads\/02-6-Naileth-200x300.jpg\" alt=\"\" width=\"263\" height=\"395\" srcset=\"https:\/\/alpar.com.co\/blog\/wp-content\/uploads\/02-6-Naileth-200x300.jpg 200w, https:\/\/alpar.com.co\/blog\/wp-content\/uploads\/02-6-Naileth-768x1152.jpg 768w, https:\/\/alpar.com.co\/blog\/wp-content\/uploads\/02-6-Naileth-683x1024.jpg 683w, https:\/\/alpar.com.co\/blog\/wp-content\/uploads\/02-6-Naileth.jpg 1000w\" sizes=\"(max-width: 263px) 100vw, 263px\" \/><\/em> <em>prepar\u00e9 para que \u00e9l muriera, no cont\u00e1bamos con los recursos y, por experiencia de chilenos, al parecer es muy costoso. Es un apoyo moral tambi\u00e9n, porque me sent\u00ed digna, aunque yo estaba en un pa\u00eds que no era el m\u00edo, me trataron a m\u00ed y a mi hijo como chilenos. No me siento una cualquiera, sin recursos, y aunque yo s\u00e9 que mi hijo est\u00e1 en el cielo, espiritualmente es muy tranquilizador tener adonde ir, adonde llevarle flores\u201d,<\/em> asegura.<\/p>\n<p style=\"text-align: justify;\">Para Naileth y su marido, el que fuera un columbario com\u00fan no fue tema. <em>\u201cMe tranquilizaba que mi hijo estuviera con otros compa\u00f1eritos, angelitos, como en una sala cuna, donde los cremar\u00edan a todos juntitos. Ver a sus madres, sentirnos identificadas, me ha ayudado mucho, pues\u201d<\/em>, dice.<\/p>\n<p style=\"text-align: justify;\">A diferencia de Naileth, Bernardita habr\u00eda optado por no tenerlo si hubiese podido. <em>\u201cSi me daban a elegir entre tener una guag\u00fcita con las dificultades y condiciones en las que ven\u00eda Santiago, yo de verdad hubiese preferido un aborto espont\u00e1neo, o que no venga, porque tampoco nos imaginamos con una guagua enferma, no es sano ni para la guagua ni para nosotros\u201d<\/em>, dice.<\/p>\n<p style=\"text-align: justify;\">Si el caso de Bernardita y Nicol\u00e1s hubiese calificado dentro de dos de las tres causales de la Ley de Aborto, desde el programa, aseguran, podr\u00edan haber accedido igualmente a Dignifica. <em>\u201cEs posible acogerse al programa en casos de inviabilidad fetal o cuando existe riesgo vital de la madre. Lo anterior, debido a que en ambos casos es posible que el mortinato est\u00e9 en las \u00faltimas 20 semanas de gestaci\u00f3n, como se establece para acceder a este programa. En ese sentido, el alcance del programa no est\u00e1 condicionado a las causales de fallecimiento del menor\u201d,<\/em> explican.<\/p>\n<p style=\"text-align: justify;\">20 d\u00edas h\u00e1biles despu\u00e9s de cada ceremonia, Sandra se vuelve a comunicar por tel\u00e9fono con esos padres para comunicarles que las cenizas han sido depositadas en el columbario com\u00fan que eligieron, al que pueden asistir los 365 d\u00edas del a\u00f1o, durante el tiempo que estimen conveniente, y llevar flores, siempre naturales.<\/p>\n<p style=\"text-align: justify;\"><em>\u201cSantiago es parte de nuestras vidas. \u00c9l existe, hablamos de \u00e9l y mis hijos son conscientes de que tienen un hermanito menor para siempre\u201d,<\/em> dice Bernardita. Naileth a\u00fan conserva la cuna y ropa de su hijo Aar\u00f3n. <em>\u201cDios junt\u00f3 a las personas m\u00e1s hermosas de Chile y me las puso en el camino, y tengo paz en mi coraz\u00f3n\u201d,<\/em> asegura. Karla acaba de recibir el permiso de su doctor para intentar ser madre de nuevo.<\/p>\n<h5><\/h5>\n<h5>Juan Pablo Donetch<\/h5>\n<hr style=\"width: 100px; clear: both !important; display: inline-block; text-align: left;\" \/>\n<p>Presidente<\/p>\n","protected":false},"excerpt":{"rendered":"<p>En los tres parques del cementerio Parque del Recuerdo existe un columbario com\u00fan especial, al que recurren cerca de 300 familias al a\u00f1o para depositar las cenizas de sus hijos, quienes han fallecido antes de nacer, o han nacido y vivido por hasta 28 d\u00edas, producto de una inviabilidad fetal o un embarazo de alto [&hellip;]<\/p>\n","protected":false},"author":106,"featured_media":500,"comment_status":"open","ping_status":"open","sticky":false,"template":"","format":"standard","meta":{"_et_pb_use_builder":"","_et_pb_old_content":"","_et_gb_content_width":"","footnotes":""},"categories":[3],"tags":[],"class_list":["post-488","post","type-post","status-publish","format-standard","has-post-thumbnail","hentry","category-articulos"],"_links":{"self":[{"href":"https:\/\/alpar.com.co\/blog\/wp-json\/wp\/v2\/posts\/488","targetHints":{"allow":["GET"]}}],"collection":[{"href":"https:\/\/alpar.com.co\/blog\/wp-json\/wp\/v2\/posts"}],"about":[{"href":"https:\/\/alpar.com.co\/blog\/wp-json\/wp\/v2\/types\/post"}],"author":[{"embeddable":true,"href":"https:\/\/alpar.com.co\/blog\/wp-json\/wp\/v2\/users\/106"}],"replies":[{"embeddable":true,"href":"https:\/\/alpar.com.co\/blog\/wp-json\/wp\/v2\/comments?post=488"}],"version-history":[{"count":2,"href":"https:\/\/alpar.com.co\/blog\/wp-json\/wp\/v2\/posts\/488\/revisions"}],"predecessor-version":[{"id":497,"href":"https:\/\/alpar.com.co\/blog\/wp-json\/wp\/v2\/posts\/488\/revisions\/497"}],"wp:featuredmedia":[{"embeddable":true,"href":"https:\/\/alpar.com.co\/blog\/wp-json\/wp\/v2\/media\/500"}],"wp:attachment":[{"href":"https:\/\/alpar.com.co\/blog\/wp-json\/wp\/v2\/media?parent=488"}],"wp:term":[{"taxonomy":"category","embeddable":true,"href":"https:\/\/alpar.com.co\/blog\/wp-json\/wp\/v2\/categories?post=488"},{"taxonomy":"post_tag","embeddable":true,"href":"https:\/\/alpar.com.co\/blog\/wp-json\/wp\/v2\/tags?post=488"}],"curies":[{"name":"wp","href":"https:\/\/api.w.org\/{rel}","templated":true}]}}