{"id":553,"date":"2018-03-28T22:50:59","date_gmt":"2018-03-29T03:50:59","guid":{"rendered":"http:\/\/alpar.com.co\/blog\/?p=553"},"modified":"2018-03-27T16:52:22","modified_gmt":"2018-03-27T21:52:22","slug":"vinculo-afectivo-y-duelo-ante-la-muerte-del-ser-querido","status":"publish","type":"post","link":"https:\/\/alpar.com.co\/blog\/vinculo-afectivo-y-duelo-ante-la-muerte-del-ser-querido\/","title":{"rendered":"V\u00ednculo afectivo y duelo ante la muerte del ser querido"},"content":{"rendered":"<p style=\"text-align: justify;\">Al ser humano le afectan las p\u00e9rdidas, especialmente cuando se ha creado un v\u00ednculo fuerte y profundo con ese ser especial que le acompa\u00f1a en el camino de su vida, este paso es un proceso doloroso que se debe afrontar, el\u00a0 duelo es la reacci\u00f3n normal y natural frente a la p\u00e9rdida de un ser amado, no hay un tiempo definido para su abordaje, depende de algunos componentes: tipo de muerte, apego y cercan\u00eda o distancia con el fallecido, adem\u00e1s de las estrategias de afrontamiento frente a este evento.<\/p>\n<p style=\"text-align: justify;\">En el desarrollo de los componentes esta la muerte natural o violenta, en el v\u00ednculo afectivo, est\u00e1 lo que se conoce como <em>apego, <\/em>siendo importante se\u00f1alar que el car\u00e1cter es singular, intenso, duradero, se desarrolla y consolida entre dos personas a trav\u00e9s de la interacci\u00f3n rec\u00edproca y el objetivo es la b\u00fasqueda y mantenimiento de proximidad en momentos de amenaza, en tanto proporciona seguridad, consuelo y protecci\u00f3n, no es un sentimiento inmaterial, sino conductas observables que comienzan de manera refleja y se determinan a partir de la interacci\u00f3n en el compartir con el ser ausente.<\/p>\n<p style=\"text-align: justify;\">Surge el apego cuando se est\u00e1 seguro que la otra persona estar\u00e1 ah\u00ed incondicionalmente, lo que facilita que aparezcan la empat\u00eda, la comunicaci\u00f3n emocional y el amor entre estas personas; cognitivamente la relaci\u00f3n de apego conlleva a la construcci\u00f3n de un modelo mental de dicha relaci\u00f3n, una imagen de c\u00f3mo es el otro y las representaciones sobre la figura de apego que se circunscribe en el escenario de afecto.<\/p>\n<p>&nbsp;<\/p>\n<h6 style=\"text-align: center;\"><img loading=\"lazy\" decoding=\"async\" class=\"aligncenter wp-image-558\" src=\"http:\/\/alpar.com.co\/blog\/wp-content\/uploads\/03-duelo02-300x169.png\" alt=\"\" width=\"400\" height=\"225\" srcset=\"https:\/\/alpar.com.co\/blog\/wp-content\/uploads\/03-duelo02-300x169.png 300w, https:\/\/alpar.com.co\/blog\/wp-content\/uploads\/03-duelo02-768x432.png 768w, https:\/\/alpar.com.co\/blog\/wp-content\/uploads\/03-duelo02.png 935w\" sizes=\"(max-width: 400px) 100vw, 400px\" \/><em>Trabajo grupal en Duelo \u2013 Sede principal Medell\u00edn. Funeraria La Esperanza<\/em><\/h6>\n<p>&nbsp;<\/p>\n<p style=\"text-align: justify;\">Para hablar del duelo, es necesario preceder el apego como un lazo emocional que se rompe con la figura real al separarse del cuerpo material; siendo necesario retomar el duelo desde las fases, tareas e implicaciones psicosom\u00e1ticas y emociones que intervienen en este tema (negaci\u00f3n, ira, depresi\u00f3n, negociaci\u00f3n y aceptaci\u00f3n).<\/p>\n<p style=\"text-align: justify;\">Cada ser posee percepciones subjetivadas a su historia; por tanto, negar la muerte como hecho individual o social, trae consecuencias que se pueden convertir en nefastas para una forma de vivir, por ello es importante hacer lo que verdaderamente importa, solo as\u00ed podr\u00e9is bendecir la vida cuando la muerte est\u00e9 cerca.<\/p>\n<p style=\"text-align: justify;\">Por lo anterior, ante la muerte se debe trabajar el duelo porque fluyen respuestas fisiol\u00f3gicas (dolor de cabeza, mareo, n\u00e1useas, escalofr\u00edos, opresi\u00f3n en el pecho, entre otros),\u00a0 respuestas emocionales (rabia, tristeza, euforia) y respuestas cognitivas (incertidumbre, duda, desesperanza); que conllevan a enfrentar otra forma de vivir y adaptarse a la realidad.<\/p>\n<p style=\"text-align: justify;\">En algunos casos, la tristeza profunda refiere un estado de quietud, de reflexi\u00f3n y de intimidad con uno mismo, sin ganas de otras actividades, desolaci\u00f3n, porque lo que necesita la persona es recogimiento e introspecci\u00f3n. Un estado de tristeza con llantos frecuentemente en el que el doliente ya ha entrado en la realidad de la p\u00e9rdida y necesita de un tiempo para reposar todo el cambio que se ha producido en su vida. Un tiempo preparatorio para tomar fuerzas y volver a integrarse en una nueva vida.<\/p>\n<p style=\"text-align: justify;\">En el proceso final del duelo se acepta lo ocurrido, se aprenden lecciones dolorosas, se experimenta el crecimiento personal, se reorganiza\u00a0la vida, se busca retomar la normalidad en la cotidianidad, en definitiva\u00a0<em>aceptar<\/em>. El duelo termina cuando la persona puede recordar al difunto con\u00a0serenidad\u00a0e incluso rememorarlo con alegr\u00eda por lo que compartieron juntos y el\u00a0agradecimiento\u00a0por los aportes en su vida que perdurar\u00e1n en la eternidad.<\/p>\n<p style=\"text-align: justify;\">En ocasiones surge la inquietud y angustia para los dolientes por la inevitable realidad de no tener f\u00edsicamente la presencia del ser amado, emerge entonces el anhelo de una figura (ideal), que si bien no procede como materia, surge en el recuerdo y se hace presente en las emociones y los sentimientos. Reconocer que el ser amado ha partido para siempre, lleva a la renovaci\u00f3n.<\/p>\n<p>&nbsp;<\/p>\n<h6 style=\"text-align: center;\"><img loading=\"lazy\" decoding=\"async\" class=\"wp-image-559 aligncenter\" src=\"http:\/\/alpar.com.co\/blog\/wp-content\/uploads\/03-duelo03-225x300.png\" alt=\"\" width=\"225\" height=\"300\" srcset=\"https:\/\/alpar.com.co\/blog\/wp-content\/uploads\/03-duelo03-225x300.png 225w, https:\/\/alpar.com.co\/blog\/wp-content\/uploads\/03-duelo03.png 511w\" sizes=\"(max-width: 225px) 100vw, 225px\" \/><em>Ritual de Duelo \u2013 Funeraria La Esperanza Medell\u00edn. <\/em><\/h6>\n<p>&nbsp;<\/p>\n<p style=\"text-align: justify;\">Para algunos, la muerte es un suceso inmanejable y aunque estemos conscientes de que es nuestro destino, dif\u00edcilmente se asimila, <em>la parca<\/em>, como la llaman coloquialmente, es una intrusa que se lleva a nuestros seres amados, implica un duro golpe y lleva consigo estereotipos, mitos y tab\u00faes que se exponen en la cultura, en el rito o en la ceremonia solemne o sublime en honor a quien trasciende.<\/p>\n<p>&nbsp;<\/p>\n<h6 style=\"text-align: center;\"><img loading=\"lazy\" decoding=\"async\" class=\" wp-image-557 aligncenter\" src=\"http:\/\/alpar.com.co\/blog\/wp-content\/uploads\/03-duelo04-300x169.png\" alt=\"\" width=\"398\" height=\"224\" srcset=\"https:\/\/alpar.com.co\/blog\/wp-content\/uploads\/03-duelo04-300x169.png 300w, https:\/\/alpar.com.co\/blog\/wp-content\/uploads\/03-duelo04-768x433.png 768w, https:\/\/alpar.com.co\/blog\/wp-content\/uploads\/03-duelo04.png 847w\" sizes=\"(max-width: 398px) 100vw, 398px\" \/><em>Narrativa emocional por p\u00e9rdida del ser querido. Funeraria la Esperanza sede Medell\u00edn. <\/em><em>Funeraria La Esperanza<\/em><\/h6>\n<p>&nbsp;<\/p>\n<p style=\"text-align: justify;\">El ser humano es la \u00fanica especie sobre la tierra que entierra a sus difuntos, en todas las sociedades han existido creencias sobre almas, esp\u00edritus y vida despu\u00e9s de la muerte, pero cobra relevancia, los ritos funerarios como una pr\u00e1ctica relacionada con la muerte y la comprensi\u00f3n de este fen\u00f3meno inevitable, la mortalidad.<\/p>\n<p style=\"text-align: justify;\">Despedir a quien se ama, duele, vulnera y ense\u00f1a que la vida es hoy, aqu\u00ed y ahora en el mejor\u00a0 momento y en un lugar espl\u00e9ndido, quien se va permanecer\u00e1 en el alma para SIEMPRE\u2026<\/p>\n<hr style=\"width: 100px; clear: both !important; display: inline-block; text-align: left;\" \/>\n<p><strong>Mg. Edit Oleiva Salazar G\u00f3mez<\/strong><br \/>\nFuneraria La Esperanza<\/p>\n","protected":false},"excerpt":{"rendered":"<p>Al ser humano le afectan las p\u00e9rdidas, especialmente cuando se ha creado un v\u00ednculo fuerte y profundo con ese ser especial que le acompa\u00f1a en el camino de su vida, este paso es un proceso doloroso que se debe afrontar, el\u00a0 duelo es la reacci\u00f3n normal y natural frente a la p\u00e9rdida de un ser [&hellip;]<\/p>\n","protected":false},"author":106,"featured_media":555,"comment_status":"open","ping_status":"open","sticky":false,"template":"","format":"standard","meta":{"_et_pb_use_builder":"","_et_pb_old_content":"","_et_gb_content_width":"","footnotes":""},"categories":[3],"tags":[],"class_list":["post-553","post","type-post","status-publish","format-standard","has-post-thumbnail","hentry","category-articulos"],"_links":{"self":[{"href":"https:\/\/alpar.com.co\/blog\/wp-json\/wp\/v2\/posts\/553","targetHints":{"allow":["GET"]}}],"collection":[{"href":"https:\/\/alpar.com.co\/blog\/wp-json\/wp\/v2\/posts"}],"about":[{"href":"https:\/\/alpar.com.co\/blog\/wp-json\/wp\/v2\/types\/post"}],"author":[{"embeddable":true,"href":"https:\/\/alpar.com.co\/blog\/wp-json\/wp\/v2\/users\/106"}],"replies":[{"embeddable":true,"href":"https:\/\/alpar.com.co\/blog\/wp-json\/wp\/v2\/comments?post=553"}],"version-history":[{"count":12,"href":"https:\/\/alpar.com.co\/blog\/wp-json\/wp\/v2\/posts\/553\/revisions"}],"predecessor-version":[{"id":576,"href":"https:\/\/alpar.com.co\/blog\/wp-json\/wp\/v2\/posts\/553\/revisions\/576"}],"wp:featuredmedia":[{"embeddable":true,"href":"https:\/\/alpar.com.co\/blog\/wp-json\/wp\/v2\/media\/555"}],"wp:attachment":[{"href":"https:\/\/alpar.com.co\/blog\/wp-json\/wp\/v2\/media?parent=553"}],"wp:term":[{"taxonomy":"category","embeddable":true,"href":"https:\/\/alpar.com.co\/blog\/wp-json\/wp\/v2\/categories?post=553"},{"taxonomy":"post_tag","embeddable":true,"href":"https:\/\/alpar.com.co\/blog\/wp-json\/wp\/v2\/tags?post=553"}],"curies":[{"name":"wp","href":"https:\/\/api.w.org\/{rel}","templated":true}]}}