{"id":567,"date":"2018-03-28T23:10:15","date_gmt":"2018-03-29T04:10:15","guid":{"rendered":"http:\/\/alpar.com.co\/blog\/?p=567"},"modified":"2018-03-27T16:53:45","modified_gmt":"2018-03-27T21:53:45","slug":"la-cremacion-como-nueva-opcion-de-despedida-para-la-comunidad","status":"publish","type":"post","link":"https:\/\/alpar.com.co\/blog\/la-cremacion-como-nueva-opcion-de-despedida-para-la-comunidad\/","title":{"rendered":"La cremaci\u00f3n como nueva opci\u00f3n de despedida para la comunidad"},"content":{"rendered":"<p style=\"text-align: justify;\">La primera cremaci\u00f3n que se efectu\u00f3 en nuestro Parque Memorial de Vida de Funeraria La Esperanza, fue de cuatro restos, cuya familia quer\u00eda que se cremaran todos a la vez.\u00a0 Esa fue la petici\u00f3n inicial. Cada uno fue cremado individualmente como lo indican los protocolos y entregado a sus familiares en urnas independientes.<\/p>\n<p style=\"text-align: justify;\">Inicio esta peque\u00f1a historia, porque donde est\u00e1 ubicado nuestro Parque Memorial de Vida, en el corregimiento de Bolombolo perteneciente al municipio de Venecia, en el suroeste del departamento de Antioquia en Colombia, a\u00fan se conservan muchos mitos y por ser una regi\u00f3n cuya gente es muy conservadora en todo el sentido de la palabra, prevalece como destino final la inhumaci\u00f3n.<\/p>\n<p style=\"text-align: justify;\">Y el mito corresponde a la creencia de que no se le entrega a la familia las cenizas del ser amado que fue sometido a la cremaci\u00f3n de su cuerpo.<\/p>\n<p style=\"text-align: justify;\">Antes de la inauguraci\u00f3n del Parque Memorial de Vida, los directivos de nuestra Funeraria La Esperanza, programaron unos conversatorios con pobladores de 21 municipios donde se tienen sedes de atenci\u00f3n a los usuarios en el entorno geogr\u00e1fico del suroeste y occidente del departamento de Antioquia. El contenido de la tem\u00e1tica de dichos conversatorios fue informar con profundidad la historia, la forma de proceder con el fallecido (a) y los beneficios de la cremaci\u00f3n.<\/p>\n<p style=\"text-align: justify;\">As\u00ed se hizo, municipio por municipio, donde la mayor\u00eda de los asistentes tuvieron como consulta y lo manifestaron como un tab\u00fa de \u201c<em>qu\u00e9 si las cenizas que se entregaban s\u00ed eran las del familiar que se crem\u00f3\u00bb<\/em>. Otros conceptos negativos frente al proceso de la cremaci\u00f3n, es que existe la creencia de que en los hornos crematorios las cremaciones son masivas y que por consiguiente se juntan unas cenizas con otras. Lo que deja sin piso la certeza de que las cenizas son las de ese ser querido.<\/p>\n<p style=\"text-align: justify;\">Para desvirtuar todas estas conjeturas, personalmente cuando hago el ritual de despedida del fallecido o fallecida, hablo del proceso a que se somete cada cuerpo. Nunca se habla de incineraci\u00f3n del cuerpo, sino que informo de que la persona fallecida es sometida al proceso de deshidrataci\u00f3n que se efect\u00faa al recibir el calor que se genera dentro del horno crematorio, reforzando este hecho en que nuestro cuerpo posee algo m\u00e1s del ochenta por ciento de agua y por lo tanto se produce la deshidrataci\u00f3n del mismo hasta llegar al final, que son sus propias cenizas.<\/p>\n<p style=\"text-align: justify;\">Aun as\u00ed,\u00a0 son m\u00e1s los cuerpos que se inhuman (aqu\u00ed\u00a0 en Antioquia se dice se <em>\u201centierran\u201d<\/em>)\u00a0 reiterando que influye mucho el legado de las generaciones anteriores que nunca tuvieron\u00a0 la cultura de la cremaci\u00f3n.<\/p>\n<p style=\"text-align: justify;\">Una experiencia que se vive constantemente, es que en nuestro Parque Memorial, las familias que asisten a la despedida llegan afectadas por la muerte del ser querido, pero al momento de recibir las cenizas lo hacen de manera natural y la mayor\u00eda manifiesta que ese cambio lo ofrece el sitio, ya que est\u00e1 rodeado del verde de las monta\u00f1as que tiene nuestro departamento de Antioquia.<\/p>\n<p style=\"text-align: justify;\">En esta peque\u00f1a rese\u00f1a hay que contar que en Medell\u00edn, que es la capital del departamento de Antioquia, cerca del sesenta por ciento de los fallecidos por muerte natural se creman. Pero esa cultura de la cremaci\u00f3n que existe en la capital, a\u00fan est\u00e1 lejana de aplicarse en nuestros municipios del suroeste y occidente, en donde funeraria La Esperanza aparte de Medell\u00edn tiene incidencia directa en el mercado funerario.<\/p>\n<p style=\"text-align: justify;\">Desde la primera cremaci\u00f3n de fallecidos que fue un seis de marzo de 2016, las cremaciones en nuestro Parque Memorial han crecido. La demostraci\u00f3n de que las cenizas que se entregan si son del familiar cremado y la atenci\u00f3n con mucho amor y cari\u00f1o, hacia la familia que lleva y espera las cenizas, han multiplicado a favor la cultura de la cremaci\u00f3n.<\/p>\n<p>&nbsp;<\/p>\n<h6 style=\"text-align: center;\"><img loading=\"lazy\" decoding=\"async\" class=\"wp-image-569 aligncenter\" src=\"http:\/\/alpar.com.co\/blog\/wp-content\/uploads\/04-cremaci\u00f3n02-300x180.png\" alt=\"\" width=\"503\" height=\"302\" srcset=\"https:\/\/alpar.com.co\/blog\/wp-content\/uploads\/04-cremaci\u00f3n02-300x180.png 300w, https:\/\/alpar.com.co\/blog\/wp-content\/uploads\/04-cremaci\u00f3n02-768x461.png 768w, https:\/\/alpar.com.co\/blog\/wp-content\/uploads\/04-cremaci\u00f3n02-1024x614.png 1024w, https:\/\/alpar.com.co\/blog\/wp-content\/uploads\/04-cremaci\u00f3n02-1080x648.png 1080w\" sizes=\"(max-width: 503px) 100vw, 503px\" \/><em>Sala de despedida del ser querido. Al lado izquierdo, con un paisaje de fondo y una cita b\u00edblica, est\u00e1 el descensor.<\/em><\/h6>\n<p>&nbsp;<\/p>\n<p style=\"text-align: justify;\">La experiencia que he vivido durante estos dos a\u00f1os de realizar el ritual de despedida, me ense\u00f1a que la familia debe estar rodeada en ese momento de ausencia del ser querido, de mucho cari\u00f1o y que desde la llegada de su familiar, el tratamiento para la persona fallecida, es c\u00f3mo si a\u00fan\u00a0 estuviera viva.<\/p>\n<p style=\"text-align: justify;\">En nuestra sala de despedida luego del ritual, se coloca el cofre del fallecido en un des-censor que lo baja al horno para la cremaci\u00f3n. Lo que causa un impacto positivo, es que la urna con las cenizas y acompa\u00f1ada por dos velones que la iluminan, regresan por donde ingres\u00f3 el cofre con el cuerpo del fallecido. Y otro impacto muy positivo se da, cuando la familia recibe las cenizas, abre la urna donde est\u00e1n depositadas las tocan y las perciben a\u00fan calientes. Este hecho confirma que las cenizas s\u00ed son de su familiar.<\/p>\n<p style=\"text-align: justify;\">Nuestro Parque Memorial de Vida, est\u00e1 compuesto por una capilla ecum\u00e9nica, dos salas de velaci\u00f3n con sus respectivos salones de descanso y un sal\u00f3n de despedida donde se realiza el ritual final.<\/p>\n<p>&nbsp;<\/p>\n<h6 style=\"text-align: center;\"><img loading=\"lazy\" decoding=\"async\" class=\"wp-image-568 aligncenter\" src=\"http:\/\/alpar.com.co\/blog\/wp-content\/uploads\/04-cremaci\u00f3n03-300x169.png\" alt=\"\" width=\"478\" height=\"269\" srcset=\"https:\/\/alpar.com.co\/blog\/wp-content\/uploads\/04-cremaci\u00f3n03-300x169.png 300w, https:\/\/alpar.com.co\/blog\/wp-content\/uploads\/04-cremaci\u00f3n03-768x432.png 768w, https:\/\/alpar.com.co\/blog\/wp-content\/uploads\/04-cremaci\u00f3n03.png 960w\" sizes=\"(max-width: 478px) 100vw, 478px\" \/><em>Misa en la Capilla Ecum\u00e9nica. Celebraci\u00f3n de la santa misa cat\u00f3lica con la comunidad de Bolombolo. <\/em><\/h6>\n<p>&nbsp;<\/p>\n<p style=\"text-align: justify;\">Al final del proceso, por las manifestaciones verbales y por los abrazos que uno recibe, se percibe que todo se hizo muy bien. Queda la satisfacci\u00f3n de un servicio bien prestado.<\/p>\n<hr style=\"width: 100px; clear: both !important; display: inline-block; text-align: left;\" \/>\n<p><strong>Adolfo Mart\u00ednez Ricaurte<\/strong><br \/>\nAdministrador Parque Memorial de Vida.<\/p>\n","protected":false},"excerpt":{"rendered":"<p>La primera cremaci\u00f3n que se efectu\u00f3 en nuestro Parque Memorial de Vida de Funeraria La Esperanza, fue de cuatro restos, cuya familia quer\u00eda que se cremaran todos a la vez.\u00a0 Esa fue la petici\u00f3n inicial. Cada uno fue cremado individualmente como lo indican los protocolos y entregado a sus familiares en urnas independientes. Inicio esta [&hellip;]<\/p>\n","protected":false},"author":106,"featured_media":577,"comment_status":"open","ping_status":"open","sticky":false,"template":"","format":"standard","meta":{"_et_pb_use_builder":"","_et_pb_old_content":"","_et_gb_content_width":"","footnotes":""},"categories":[3],"tags":[],"class_list":["post-567","post","type-post","status-publish","format-standard","has-post-thumbnail","hentry","category-articulos"],"_links":{"self":[{"href":"https:\/\/alpar.com.co\/blog\/wp-json\/wp\/v2\/posts\/567","targetHints":{"allow":["GET"]}}],"collection":[{"href":"https:\/\/alpar.com.co\/blog\/wp-json\/wp\/v2\/posts"}],"about":[{"href":"https:\/\/alpar.com.co\/blog\/wp-json\/wp\/v2\/types\/post"}],"author":[{"embeddable":true,"href":"https:\/\/alpar.com.co\/blog\/wp-json\/wp\/v2\/users\/106"}],"replies":[{"embeddable":true,"href":"https:\/\/alpar.com.co\/blog\/wp-json\/wp\/v2\/comments?post=567"}],"version-history":[{"count":3,"href":"https:\/\/alpar.com.co\/blog\/wp-json\/wp\/v2\/posts\/567\/revisions"}],"predecessor-version":[{"id":574,"href":"https:\/\/alpar.com.co\/blog\/wp-json\/wp\/v2\/posts\/567\/revisions\/574"}],"wp:featuredmedia":[{"embeddable":true,"href":"https:\/\/alpar.com.co\/blog\/wp-json\/wp\/v2\/media\/577"}],"wp:attachment":[{"href":"https:\/\/alpar.com.co\/blog\/wp-json\/wp\/v2\/media?parent=567"}],"wp:term":[{"taxonomy":"category","embeddable":true,"href":"https:\/\/alpar.com.co\/blog\/wp-json\/wp\/v2\/categories?post=567"},{"taxonomy":"post_tag","embeddable":true,"href":"https:\/\/alpar.com.co\/blog\/wp-json\/wp\/v2\/tags?post=567"}],"curies":[{"name":"wp","href":"https:\/\/api.w.org\/{rel}","templated":true}]}}