{"id":730,"date":"2018-05-11T09:05:42","date_gmt":"2018-05-11T14:05:42","guid":{"rendered":"http:\/\/alpar.com.co\/blog\/?p=730"},"modified":"2018-05-11T09:06:36","modified_gmt":"2018-05-11T14:06:36","slug":"alpar-presente-en-tanexpo-2018","status":"publish","type":"post","link":"https:\/\/alpar.com.co\/blog\/alpar-presente-en-tanexpo-2018\/","title":{"rendered":"ALPAR presente en TANEXPO 2018"},"content":{"rendered":"<p>TANEXPO es la exposici\u00f3n bianual italiana, que es punto de referencia para toda la industria de cementerios y funerarias a nivel global, ofreciendo una amplia y completa gama de productos y servicios para la industria.<\/p>\n<p>En 2018 TANEXPO se llev\u00f3 a cabo en Bologna, Italia, del 5 al 7 abril.<br \/>\nEn representaci\u00f3n de ALPAR, asisti\u00f3 el se\u00f1or Juan Pablo Donetch, Presidente de la Asociaci\u00f3n.<br \/>\nA continuaci\u00f3n, algunos productos y servicios de inter\u00e9s, presentados en la feria:<\/p>\n<p>\u2022 \u00c1rbol de la Memoria: : <a href=\"https:\/\/www.memorial-trees.co.uk\/\" target=\"_blank\" rel=\"noopener\">www.memorial-trees.co.uk<\/a><br \/>\n\u2022 Kit de Limpieza para l\u00e1pidas: <a href=\"http:\/\/www.mptreatment.com\/en\/kit\/category\/kit-funerary-art.html\" target=\"_blank\" rel=\"noopener\">www.mptreatment.com\/en\/kit\/category\/kit-funerary-art.html<\/a><br \/>\n\u2022 Urnas para cenizas: <a href=\"http:\/\/www.waterurn.nl\/en\" target=\"_blank\" rel=\"noopener\">www.waterurn.nl\/en<\/a><br \/>\n\u2022 Mensajer\u00eda v\u00eda WhatsApp, para informar servicios funerarios y compartir recuerdos: <a href=\"https:\/\/alife.social\/es\/\" target=\"_blank\" rel=\"noopener\">https:\/\/alife.social\/es\/<\/a><br \/>\n\u2022 Urnas para Mascotas: <a href=\"http:\/\/www.coccolino.net\/\" target=\"_blank\" rel=\"noopener\">www.coccolino.net<\/a><\/p>\n<p><iframe loading=\"lazy\" width=\"1080\" height=\"608\" src=\"https:\/\/www.youtube.com\/embed\/YyiJ2u5X7SI?feature=oembed\" frameborder=\"0\" allow=\"autoplay; encrypted-media\" allowfullscreen><\/iframe><\/p>\n<hr style=\"width: 100px; clear: both !important; display: inline-block; text-align: left;\" \/>\n<h5>Juan Pablo Donetch<\/h5>\n<p>Presidente<\/p>\n","protected":false},"excerpt":{"rendered":"<p>TANEXPO es la exposici\u00f3n bianual italiana, que es punto de referencia para toda la industria de cementerios y funerarias a nivel global, ofreciendo una amplia y completa gama de productos y servicios para la industria. En 2018 TANEXPO se llev\u00f3 a cabo en Bologna, Italia, del 5 al 7 abril. En representaci\u00f3n de ALPAR, asisti\u00f3 [&hellip;]<\/p>\n","protected":false},"author":106,"featured_media":732,"comment_status":"open","ping_status":"open","sticky":false,"template":"","format":"video","meta":{"_et_pb_use_builder":"off","_et_pb_old_content":"<p>f gsdg sdfg sdgf sdfg sdfg<\/p><p>https:\/\/www.youtube.com\/embed\/GwrnjtW-rfk<\/p>","_et_gb_content_width":"","footnotes":""},"categories":[4],"tags":[],"class_list":["post-730","post","type-post","status-publish","format-video","has-post-thumbnail","hentry","category-videos","post_format-post-format-video"],"_links":{"self":[{"href":"https:\/\/alpar.com.co\/blog\/wp-json\/wp\/v2\/posts\/730","targetHints":{"allow":["GET"]}}],"collection":[{"href":"https:\/\/alpar.com.co\/blog\/wp-json\/wp\/v2\/posts"}],"about":[{"href":"https:\/\/alpar.com.co\/blog\/wp-json\/wp\/v2\/types\/post"}],"author":[{"embeddable":true,"href":"https:\/\/alpar.com.co\/blog\/wp-json\/wp\/v2\/users\/106"}],"replies":[{"embeddable":true,"href":"https:\/\/alpar.com.co\/blog\/wp-json\/wp\/v2\/comments?post=730"}],"version-history":[{"count":5,"href":"https:\/\/alpar.com.co\/blog\/wp-json\/wp\/v2\/posts\/730\/revisions"}],"predecessor-version":[{"id":736,"href":"https:\/\/alpar.com.co\/blog\/wp-json\/wp\/v2\/posts\/730\/revisions\/736"}],"wp:featuredmedia":[{"embeddable":true,"href":"https:\/\/alpar.com.co\/blog\/wp-json\/wp\/v2\/media\/732"}],"wp:attachment":[{"href":"https:\/\/alpar.com.co\/blog\/wp-json\/wp\/v2\/media?parent=730"}],"wp:term":[{"taxonomy":"category","embeddable":true,"href":"https:\/\/alpar.com.co\/blog\/wp-json\/wp\/v2\/categories?post=730"},{"taxonomy":"post_tag","embeddable":true,"href":"https:\/\/alpar.com.co\/blog\/wp-json\/wp\/v2\/tags?post=730"}],"curies":[{"name":"wp","href":"https:\/\/api.w.org\/{rel}","templated":true}]}}