{"id":780,"date":"2018-06-08T08:41:48","date_gmt":"2018-06-08T13:41:48","guid":{"rendered":"http:\/\/alpar.com.co\/blog\/?p=780"},"modified":"2018-06-08T10:51:17","modified_gmt":"2018-06-08T15:51:17","slug":"camposanto-la-piedad-capacita-a-policia-de-transito-y-emergencias-911-en-tratamiento-de-crisis","status":"publish","type":"post","link":"https:\/\/alpar.com.co\/blog\/camposanto-la-piedad-capacita-a-policia-de-transito-y-emergencias-911-en-tratamiento-de-crisis\/","title":{"rendered":"Camposanto La Piedad capacita a Polic\u00eda de Tr\u00e1nsito y Emergencias 911 en tratamiento de crisis"},"content":{"rendered":"<p style=\"text-align: center;\"><em>______<\/em><\/p>\n<p style=\"text-align: center;\"><em>Dentro de la capacitaci\u00f3n, se brindar\u00e1 formaci\u00f3n en manejo del duelo.<\/em><\/p>\n<p style=\"text-align: center;\"><em>Capacitaci\u00f3n a los operadores del sistema de Emergencias 911 ya finaliz\u00f3.<\/em><\/p>\n<p style=\"text-align: center;\"><em>______<\/em><\/p>\n<p style=\"text-align: justify;\">Camposanto La Piedad, Asociado de ALPAR en Costa Rica, como empresa comprometida con la sociedad costarricense, adem\u00e1s de pionera y l\u00edder en la promoci\u00f3n de los talleres del duelo, como parte de sus programas de responsabilidad Social Empresarial, brinda capacitaci\u00f3n para momentos de crisis a los oficiales de la Polic\u00eda de Tr\u00e1nsito.<\/p>\n<p><img loading=\"lazy\" decoding=\"async\" class=\" wp-image-756 aligncenter\" src=\"http:\/\/alpar.com.co\/blog\/wp-content\/uploads\/IMG_3751-.jpg\" alt=\"\" width=\"560\" height=\"373\" srcset=\"https:\/\/alpar.com.co\/blog\/wp-content\/uploads\/IMG_3751-.jpg 600w, https:\/\/alpar.com.co\/blog\/wp-content\/uploads\/IMG_3751--300x200.jpg 300w\" sizes=\"(max-width: 560px) 100vw, 560px\" \/><\/p>\n<p style=\"text-align: justify;\">Los talleres de capacitaci\u00f3n buscan sensibilizar a los presentes (oficiales de tr\u00e1nsito) en el accionar en situaciones de crisis que enfrentan todos los d\u00edas y \u00a0las maneras \u00f3ptimas de manejar una muerte.<\/p>\n<p style=\"text-align: justify;\"><img loading=\"lazy\" decoding=\"async\" class=\" wp-image-755 alignleft\" src=\"http:\/\/alpar.com.co\/blog\/wp-content\/uploads\/Emergencias-911.2.jpg\" alt=\"\" width=\"341\" height=\"227\" srcset=\"https:\/\/alpar.com.co\/blog\/wp-content\/uploads\/Emergencias-911.2.jpg 600w, https:\/\/alpar.com.co\/blog\/wp-content\/uploads\/Emergencias-911.2-300x200.jpg 300w\" sizes=\"(max-width: 341px) 100vw, 341px\" \/><\/p>\n<p style=\"text-align: justify;\"><em>\u201cSabemos que, por el tipo de trabajo de ellos, d\u00eda a d\u00eda se topan este tipo de situaciones y es posible que, algunos, por el mismo traj\u00edn del trabajo o por simple desconocimiento, no sepan la manera adecuada de tratar a las personas, es ah\u00ed donde queremos capacitarlos, en la humanizaci\u00f3n del momento\u201d<\/em> manifest\u00f3 Gloriana Carvajal, directora de Mercadeo de Camposanto La Piedad.<\/p>\n<p>&nbsp;<\/p>\n<p>&nbsp;<\/p>\n<p style=\"text-align: justify;\">El taller para la Polic\u00eda de Tr\u00e1nsito ha logrado capacitar un aproximado de 220 oficiales de tr\u00e1nsito de todo el pa\u00eds, quienes salen con la iniciativa para poder cambiar poco a poco su trato en una de las emergencias que atienden d\u00eda a d\u00eda. Adem\u00e1s, se les brinda un poco de primeros auxilios psicol\u00f3gicos, de suma importancia para ellos.<\/p>\n<p style=\"text-align: justify;\"><em>\u201cEsta es una oportunidad muy importante para nosotros, es crecimiento para brindar un mejor servicio\u201d<\/em> coment\u00f3 Mario Calder\u00f3n, ex director General de la Polic\u00eda de Tr\u00e1nsito.<\/p>\n<p><img loading=\"lazy\" decoding=\"async\" class=\"size-full wp-image-754 aligncenter\" src=\"http:\/\/alpar.com.co\/blog\/wp-content\/uploads\/Emergencias-911.1.jpg\" alt=\"\" width=\"600\" height=\"400\" srcset=\"https:\/\/alpar.com.co\/blog\/wp-content\/uploads\/Emergencias-911.1.jpg 600w, https:\/\/alpar.com.co\/blog\/wp-content\/uploads\/Emergencias-911.1-300x200.jpg 300w\" sizes=\"(max-width: 600px) 100vw, 600px\" \/><\/p>\n<p style=\"text-align: justify;\">Por su parte, el taller para los operarios de la red Emergencias 911, ya termin\u00f3 y tuvo una duraci\u00f3n de 8 sesiones, para un total de 160 operadores, en las cuales se les brind\u00f3 las herramientas necesarias para poder actuar de manera id\u00f3nea en las crisis que atienden y por supuesto, como manejar una situaci\u00f3n de duelo.<\/p>\n<p><img loading=\"lazy\" decoding=\"async\" class=\"size-full wp-image-753 aligncenter\" src=\"http:\/\/alpar.com.co\/blog\/wp-content\/uploads\/Talleres-911.3.jpg\" alt=\"\" width=\"600\" height=\"400\" srcset=\"https:\/\/alpar.com.co\/blog\/wp-content\/uploads\/Talleres-911.3.jpg 600w, https:\/\/alpar.com.co\/blog\/wp-content\/uploads\/Talleres-911.3-300x200.jpg 300w\" sizes=\"(max-width: 600px) 100vw, 600px\" \/><\/p>\n<p>El compromiso de Camposanto La Piedad, es poder brindar las herramientas a las autoridades pertinentes, para que, dentro de su funcionamiento, puedan ofrecer un trato adecuado en los momentos m\u00e1s cr\u00edticos para la ciudadan\u00eda que as\u00ed lo requiera.<\/p>\n<p><iframe loading=\"lazy\" width=\"1080\" height=\"608\" src=\"https:\/\/www.youtube.com\/embed\/9Gxv2SanTEw?feature=oembed\" frameborder=\"0\" allow=\"autoplay; encrypted-media\" allowfullscreen><\/iframe><\/p>\n<hr style=\"width: 100px; clear: both !important; display: inline-block; text-align: left;\" \/>\n<p><strong>Gloriana Carvajal Fern\u00e1ndez<\/strong><br \/>\nJefe de Mercadeo Camposanto La Piedad S.A.<\/p>\n","protected":false},"excerpt":{"rendered":"<p>______ Dentro de la capacitaci\u00f3n, se brindar\u00e1 formaci\u00f3n en manejo del duelo. Capacitaci\u00f3n a los operadores del sistema de Emergencias 911 ya finaliz\u00f3. ______ Camposanto La Piedad, Asociado de ALPAR en Costa Rica, como empresa comprometida con la sociedad costarricense, adem\u00e1s de pionera y l\u00edder en la promoci\u00f3n de los talleres del duelo, como parte [&hellip;]<\/p>\n","protected":false},"author":106,"featured_media":757,"comment_status":"open","ping_status":"open","sticky":false,"template":"","format":"standard","meta":{"_et_pb_use_builder":"","_et_pb_old_content":"","_et_gb_content_width":"","footnotes":""},"categories":[3],"tags":[],"class_list":["post-780","post","type-post","status-publish","format-standard","has-post-thumbnail","hentry","category-articulos"],"_links":{"self":[{"href":"https:\/\/alpar.com.co\/blog\/wp-json\/wp\/v2\/posts\/780","targetHints":{"allow":["GET"]}}],"collection":[{"href":"https:\/\/alpar.com.co\/blog\/wp-json\/wp\/v2\/posts"}],"about":[{"href":"https:\/\/alpar.com.co\/blog\/wp-json\/wp\/v2\/types\/post"}],"author":[{"embeddable":true,"href":"https:\/\/alpar.com.co\/blog\/wp-json\/wp\/v2\/users\/106"}],"replies":[{"embeddable":true,"href":"https:\/\/alpar.com.co\/blog\/wp-json\/wp\/v2\/comments?post=780"}],"version-history":[{"count":4,"href":"https:\/\/alpar.com.co\/blog\/wp-json\/wp\/v2\/posts\/780\/revisions"}],"predecessor-version":[{"id":784,"href":"https:\/\/alpar.com.co\/blog\/wp-json\/wp\/v2\/posts\/780\/revisions\/784"}],"wp:featuredmedia":[{"embeddable":true,"href":"https:\/\/alpar.com.co\/blog\/wp-json\/wp\/v2\/media\/757"}],"wp:attachment":[{"href":"https:\/\/alpar.com.co\/blog\/wp-json\/wp\/v2\/media?parent=780"}],"wp:term":[{"taxonomy":"category","embeddable":true,"href":"https:\/\/alpar.com.co\/blog\/wp-json\/wp\/v2\/categories?post=780"},{"taxonomy":"post_tag","embeddable":true,"href":"https:\/\/alpar.com.co\/blog\/wp-json\/wp\/v2\/tags?post=780"}],"curies":[{"name":"wp","href":"https:\/\/api.w.org\/{rel}","templated":true}]}}