{"id":859,"date":"2018-08-03T08:50:56","date_gmt":"2018-08-03T13:50:56","guid":{"rendered":"http:\/\/alpar.com.co\/blog\/?p=859"},"modified":"2018-08-03T08:50:56","modified_gmt":"2018-08-03T13:50:56","slug":"un-proyecto-arquitectonico-pretende-revolucionar-los-espacios-dedicados-a-las-ceremonias-de-despedida","status":"publish","type":"post","link":"https:\/\/alpar.com.co\/blog\/un-proyecto-arquitectonico-pretende-revolucionar-los-espacios-dedicados-a-las-ceremonias-de-despedida\/","title":{"rendered":"Un proyecto arquitect\u00f3nico pretende revolucionar los espacios dedicados a las ceremonias de despedida"},"content":{"rendered":"<p style=\"text-align: justify;\">El estudio de arquitectura holand\u00e9s Hofman \u2013 Dujardin est\u00e1 mostrando una <strong>nueva idea para el dise\u00f1o de recintos funerarios<\/strong>. Se trata de un proyecto que lleva el nombre de <strong>\u2018<\/strong><em><strong>Funeral Ceremony Centre<\/strong><\/em><strong>\u2019<\/strong> y tiene como objetivo dar al difunto una <strong>despedida digna y emotiva<\/strong>, recordando y <strong>celebrando su vida<\/strong>.<\/p>\n<p style=\"text-align: justify;\">Una experiencia personal hizo que los socios fundadores Michael Hofman y B\u00e1rbara Dujardin reconsiderasen la manera en la que nos despedidos de nuestros seres queridos. El dise\u00f1o consistir\u00eda en una <strong>secuencia de tres salas<\/strong> que conectan los valores atemporales de nuestra existencia con nuestra forma de vida moderna, tal y como se explica <a href=\"https:\/\/www.hofmandujardin.nl\/funeral-ceremony-centre\/\">en la p\u00e1gina web del estudio<\/a>.<\/p>\n<p><img loading=\"lazy\" decoding=\"async\" class=\"aligncenter wp-image-861\" src=\"http:\/\/alpar.com.co\/blog\/wp-content\/uploads\/proyect01.png\" alt=\"\" width=\"450\" height=\"262\" srcset=\"https:\/\/alpar.com.co\/blog\/wp-content\/uploads\/proyect01.png 797w, https:\/\/alpar.com.co\/blog\/wp-content\/uploads\/proyect01-300x175.png 300w, https:\/\/alpar.com.co\/blog\/wp-content\/uploads\/proyect01-768x447.png 768w\" sizes=\"(max-width: 450px) 100vw, 450px\" \/><\/p>\n<p>&nbsp;<\/p>\n<p style=\"text-align: justify;\">Los funerales contempor\u00e1neos incluyen una clara secuencia de momentos caracter\u00edsticos. El primero de ellos es el <strong>encuentro de familiares y amigos<\/strong>, reunidos para la despedida. Le sigue la <strong>ceremonia<\/strong> en s\u00ed y finaliza con el <strong>encuentro social posterior<\/strong>. Hofman \u2013 Dujardin ha trasladado estos momentos a una serie de tres estancias cuidadosamente dise\u00f1adas alrededor de un epicentro: el lugar del ata\u00fad.<\/p>\n<p style=\"text-align: justify;\">En la primera sala, los asistentes se encuentran rodeados por una <strong>pared de recuerdos<\/strong> conformada por una gran <strong>pantalla multimedia<\/strong> en la que familiares y amigos pueden compartir videos y fotograf\u00edas de momentos con su ser querido, celebrando as\u00ed su vida.<\/p>\n<p><img loading=\"lazy\" decoding=\"async\" class=\"aligncenter wp-image-862\" src=\"http:\/\/alpar.com.co\/blog\/wp-content\/uploads\/proyect02.png\" alt=\"\" width=\"450\" height=\"255\" srcset=\"https:\/\/alpar.com.co\/blog\/wp-content\/uploads\/proyect02.png 816w, https:\/\/alpar.com.co\/blog\/wp-content\/uploads\/proyect02-300x170.png 300w, https:\/\/alpar.com.co\/blog\/wp-content\/uploads\/proyect02-768x435.png 768w\" sizes=\"(max-width: 450px) 100vw, 450px\" \/><\/p>\n<p>La segunda sala estar\u00eda destinada a la ceremonia. Gracias a su planta triangular <strong>permite mantener la intimidad<\/strong> de peque\u00f1os grupos. El ata\u00fad, situado en el centro, estar\u00eda escoltado por dos paredes curvas, creando la ilusi\u00f3n \u00f3ptica de un camino. Tras el ata\u00fad, una gran cristalera permitir\u00eda ver el paisaje exterior, <strong>integrando as\u00ed la naturaleza<\/strong> en el acto de despedida.<\/p>\n<p style=\"text-align: justify;\">Tras la ceremonia, los asistentes pasar\u00edan al tercer espacio, con paredes de madera que crean una atm\u00f3sfera c\u00e1lida y confortable para un nuevo encuentro social tras la ceremonia.<\/p>\n<p><img loading=\"lazy\" decoding=\"async\" class=\"aligncenter wp-image-863\" src=\"http:\/\/alpar.com.co\/blog\/wp-content\/uploads\/proyect03.png\" alt=\"\" width=\"450\" height=\"258\" srcset=\"https:\/\/alpar.com.co\/blog\/wp-content\/uploads\/proyect03.png 801w, https:\/\/alpar.com.co\/blog\/wp-content\/uploads\/proyect03-300x172.png 300w, https:\/\/alpar.com.co\/blog\/wp-content\/uploads\/proyect03-768x441.png 768w\" sizes=\"(max-width: 450px) 100vw, 450px\" \/><\/p>\n<p style=\"text-align: justify;\">\u00ab<em>La forma en que despedimos a nuestros seres queridos es una decisi\u00f3n muy personal. Este espacio esta espec\u00edficamente dise\u00f1ado para cumplir su funci\u00f3n y, al mismo tiempo, deja lugar para la interpretaci\u00f3n. Creemos que los momentos tristes en nuestra vida deben ser al mismo tiempo hermosos<\/em>\u201d, afirman representantes del estudio de arquitectura.<\/p>\n<hr style=\"width: 100px; clear: both !important; display: inline-block; text-align: left;\" \/>\n<p><strong>Publicado por Revista Funeraria<\/strong><br \/>\nAporte de: Jard\u00edn del Pilar S.A.<\/p>\n","protected":false},"excerpt":{"rendered":"<p>El estudio de arquitectura holand\u00e9s Hofman \u2013 Dujardin est\u00e1 mostrando una nueva idea para el dise\u00f1o de recintos funerarios. Se trata de un proyecto que lleva el nombre de \u2018Funeral Ceremony Centre\u2019 y tiene como objetivo dar al difunto una despedida digna y emotiva, recordando y celebrando su vida. Una experiencia personal hizo que los [&hellip;]<\/p>\n","protected":false},"author":106,"featured_media":860,"comment_status":"open","ping_status":"open","sticky":false,"template":"","format":"standard","meta":{"_et_pb_use_builder":"","_et_pb_old_content":"","_et_gb_content_width":"","footnotes":""},"categories":[3],"tags":[],"class_list":["post-859","post","type-post","status-publish","format-standard","has-post-thumbnail","hentry","category-articulos"],"_links":{"self":[{"href":"https:\/\/alpar.com.co\/blog\/wp-json\/wp\/v2\/posts\/859","targetHints":{"allow":["GET"]}}],"collection":[{"href":"https:\/\/alpar.com.co\/blog\/wp-json\/wp\/v2\/posts"}],"about":[{"href":"https:\/\/alpar.com.co\/blog\/wp-json\/wp\/v2\/types\/post"}],"author":[{"embeddable":true,"href":"https:\/\/alpar.com.co\/blog\/wp-json\/wp\/v2\/users\/106"}],"replies":[{"embeddable":true,"href":"https:\/\/alpar.com.co\/blog\/wp-json\/wp\/v2\/comments?post=859"}],"version-history":[{"count":1,"href":"https:\/\/alpar.com.co\/blog\/wp-json\/wp\/v2\/posts\/859\/revisions"}],"predecessor-version":[{"id":864,"href":"https:\/\/alpar.com.co\/blog\/wp-json\/wp\/v2\/posts\/859\/revisions\/864"}],"wp:featuredmedia":[{"embeddable":true,"href":"https:\/\/alpar.com.co\/blog\/wp-json\/wp\/v2\/media\/860"}],"wp:attachment":[{"href":"https:\/\/alpar.com.co\/blog\/wp-json\/wp\/v2\/media?parent=859"}],"wp:term":[{"taxonomy":"category","embeddable":true,"href":"https:\/\/alpar.com.co\/blog\/wp-json\/wp\/v2\/categories?post=859"},{"taxonomy":"post_tag","embeddable":true,"href":"https:\/\/alpar.com.co\/blog\/wp-json\/wp\/v2\/tags?post=859"}],"curies":[{"name":"wp","href":"https:\/\/api.w.org\/{rel}","templated":true}]}}