{"id":867,"date":"2018-08-09T17:33:57","date_gmt":"2018-08-09T22:33:57","guid":{"rendered":"http:\/\/alpar.com.co\/blog\/?p=867"},"modified":"2018-08-10T08:33:49","modified_gmt":"2018-08-10T13:33:49","slug":"mi-trabajo-es-de-amor-es-de-cuidar","status":"publish","type":"post","link":"https:\/\/alpar.com.co\/blog\/mi-trabajo-es-de-amor-es-de-cuidar\/","title":{"rendered":"Mi trabajo es de amor, es de cuidar"},"content":{"rendered":"<p style=\"text-align: justify;\">Gisela Adissi, una de las fundadoras de \u2018\u00bfY si hablamos de duelo?\u2019, sinti\u00f3 verg\u00fcenza de ser due\u00f1a de un cementerio. Hasta que la muerte de un primo en un accidente, le dio un nuevo significado a esa historia.<\/p>\n<p style=\"text-align: justify;\">\u201cMi familia es la due\u00f1a de dos\u00a0<strong>cementerios<\/strong>, un crematorio, una funeraria, un plan de asistencia funeral y de una florister\u00eda dedicada a los servicios f\u00fanebres. Como crec\u00ed viendo a mis padres trabajando en este sector, siempre me pareci\u00f3 todo muy normal. Solamente a los 9 \u00f3 10 a\u00f1os de edad, comenc\u00e9 a sentirme inc\u00f3moda ante los otros \u2013 y eso sucedi\u00f3 porque ellos se sent\u00edan inc\u00f3modos conmigo, cada vez que yo dec\u00eda que era hija de los due\u00f1os del cementerio. Yo ve\u00eda en el rostro de las personas una expresi\u00f3n rara, incomodada, y as\u00ed empec\u00e9 a sentirme incomodada tambi\u00e9n. Recuerdo hasta hoy la \u00fanica vez en la vida en que encontr\u00e9 una chica que ven\u00eda de una familia como la m\u00eda. \u00c9ramos adolescentes y cuando Mar\u00eda Fernanda dijo <em>\u2018mi pap\u00e1 es due\u00f1o de un cementerio\u2019<\/em> yo comenc\u00e9 a gritar: \u2018<em>\u00a1el m\u00edo tambi\u00e9n!, \u00a1el m\u00edo tambi\u00e9n!, \u00a1el m\u00edo tambi\u00e9n!<\/em>\u2019. Nosotras ni nos conoc\u00edamos y fue autom\u00e1tico darnos un fuerte abrazo. Aun ahora, en la vida adulta, mucha gente todav\u00eda me mira de forma extra\u00f1a, cuando cuento cu\u00e1l es mi profesi\u00f3n. Cuando hice mi posgrado precisaba decir en diferentes clases cu\u00e1l era mi \u00e1rea de negocios y ve\u00eda que la gente sonre\u00eda sin gracia, encogi\u00e9ndose en la silla, como si precisasen protegerse de m\u00ed. Nadie quiere estar cerca de algo o de alguien que le recuerde la muerte. Hacemos de todo para olvidarnos de que existe. Me parec\u00eda comprensible la reacci\u00f3n de mis colegas: confieso que consider\u00e9 una aberraci\u00f3n mi trabajo. Incluso habiendo frecuentado cementerios desde ni\u00f1a, demor\u00e9 para conseguir intimidad con la muerte.<\/p>\n<p style=\"text-align: justify;\">Fue solo cuando perd\u00ed de manera tr\u00e1gica un primo muy cercano, que realmente pude sentir en la piel el sufrimiento de quien ve partir a alguien muy querido. Y al experimentar este sentimiento, el sentido de mi trabajo cambi\u00f3 completamente \u2013 si antes yo sent\u00eda verg\u00fcenza, hoy siento orgullo de lo que hago. Ya hab\u00eda perdido personas anteriormente, pero hasta entonces todo hab\u00eda ocurrido en el orden natural de las cosas. Mi abuela, una t\u00eda&#8230; Fue con sufrimiento, pero fueron muertes que acontecieron en el tiempo esperado. Nada se compara a la muerte de Leo&#8230; \u00bfC\u00f3mo puede alguien desaparecer de repente en un\u00a0<strong>accidente<\/strong>\u00a0de avi\u00f3n? \u00bfC\u00f3mo se lidia con la partida de una persona tan joven, tan en el auge de la vida, tan llena de planes? La muerte de mi primo desorden\u00f3 mi vida (la interna, m\u00e1s que la externa) y, puedo decir lo mismo, de la vida de mucha gente de mi familia, a pesar de que estamos acostumbrados a convivir tan de cerca con el duelo. No hay caso: si esa experiencia nos ense\u00f1\u00f3 algo, es que el duelo de cada uno, es el duelo de cada uno. Yo solo puedo hablar del m\u00edo&#8230; Y hablo: para m\u00ed, en las semanas siguientes a la muerte de Leo, todo qued\u00f3 congelado y fuera de lugar. El tiempo parec\u00eda funcionar en <em>slow motion<\/em>, me faltaba sentir el piso y sobraba dolor. El dolor pesa. Tal vez venga de ah\u00ed la palabra \u2018pesar\u2019 para expresar el sentimiento de duelo. Aquellos d\u00edas, los fui viviendo medio autom\u00e1ticamente, cargando conmigo mi pesar. Por donde iba yo, el paquetito (\u00a1el paquetazo!) de dolor iba conmigo.<\/p>\n<p style=\"text-align: justify;\">De esa \u00e9poca solo recuerdo fragmentos. Uno de ellos es el de una conferencia que asist\u00ed en SINCEP, el Sindicato de los Cementerios y Crematorios Particulares de Brasil. Era una charla del Instituto Cuatro Estaciones, que hace un trabajo muy efectivo y muy respetado, de\u00a0<strong>soporte<\/strong>\u00a0psicol\u00f3gico para situaciones de p\u00e9rdidas y duelos. Como el accidente que mat\u00f3 a mi primo era el asunto de aquellos d\u00edas, era natural que fuera mencionado por las psic\u00f3logas. Pero bast\u00f3 que ellas comenzasen a hablar sobre el caso, para que la gente del Sindicato se manifestara, diciendo:<em> \u2018Por favor, no queremos tocar ese asunto\u2019<\/em>. Yo quer\u00eda tanto o\u00edr lo que ellas ten\u00edan para decir&#8230; Qued\u00e9 sensibilizada al percibir que mis colegas quer\u00edan evitar que alguien tocase nuestra herida, pero de cualquier forma la herida estaba abierta, expuesta, sangrando. No hab\u00eda ning\u00fan problema si hicieran referencia a la muerte de Leo, porque en aquel momento no hab\u00eda nada en mis adentros, en mi pensamiento, que no fuese la muerte de Leo. Me result\u00f3 curioso que en un evento de personas que trabajan con la muerte, el dolor fuera un tab\u00fa&#8230; A partir de ah\u00ed la idea de humanizar la atenci\u00f3n en las empresas f\u00fanebres gan\u00f3 una fuerza gigantesca en m\u00ed. Ese ya era un objetivo profesional y se volvi\u00f3 algo mayor, un proyecto de vida \u2013 hoy tengo el sue\u00f1o de transformar la relaci\u00f3n que la gente tiene con la muerte. La creaci\u00f3n de <em>\u201c\u00bfY si hablamos de duelo?\u201d<\/em> tiene todo que ver con este sue\u00f1o. Soy una de las fundadoras del proyecto junto con seis amigas del \u00e1rea de comunicaci\u00f3n y psicolog\u00eda \u2013 que, tal vez por tener profesiones en las que se ejercita la curiosidad y la empat\u00eda, siempre tuvieron los o\u00eddos muy atentos e interesados en mis historias \u2018cementerianas\u2019. (\u00a1Gracias, chicas!)<\/p>\n<p style=\"text-align: justify;\">En mi trabajo, recordamos a todos los colaboradores constantemente que, si bien para nosotros los velorios y entierros son rutina, quien llega a nuestros cementerios para asistir a un entierro, vive un momento \u00fanico y dif\u00edcil. Respeto, discreci\u00f3n y delicadeza, son valores que insistimos en cultivar con relaci\u00f3n a nuestros clientes y tambi\u00e9n a nuestro equipo que precisa de soporte (no es f\u00e1cil convivir con la muerte diariamente y por eso nuestros \u201ccuidadores\u201d tambi\u00e9n precisan de cuidados). Trato de difundir entre ellos la idea de que somos una empresa proveedora de afectos y de que solamente trabajando juntos podremos crear caminos para cambiar la relaci\u00f3n que las personas tienen con la muerte. Ya entendimos que ser\u00e1 preciso cambiar la est\u00e9tica f\u00fanebre, la \u201ccara\u201d de la muerte. \u00bfPor qu\u00e9 los cajones son siempre los mismos, hace tanto tiempo? \u00bfPor qu\u00e9 son tan pesados y oscuros? \u00bfSer\u00e1 que no podemos hacer algo diferente, no \u2018vincular\u2019 la muerte al peso, sino a algo liviano? Menos mal que mi querida t\u00eda abuela Mara, que fund\u00f3 este negocio hace 45 a\u00f1os, tuvo la idea de colocar a nuestros cementerios un nombre que evoca liviandad: Primaveras.<\/p>\n<p style=\"text-align: justify;\">Hoy ya no utilizo m\u00e1s subterfugios del tipo \u201c<em>soy empresaria<\/em>\u201d o \u201c<em>soy administradora de empresas<\/em>\u201d para hablar sobre mi trabajo. Trabajo en un negocio que es de amor, es de cuidar. Cuidar a las personas, cuidar la memoria. Caramba, hablar de memoria rendir\u00eda otro texto, pero queda para la pr\u00f3xima vez. En este lo que yo quer\u00eda decir, ya lo dije: <em>\u00a1trabajo en cementerios, con orgullo!<\/em><\/p>\n<hr style=\"width: 100px; clear: both !important; display: inline-block; text-align: left; padding-left: 60px;\" \/>\n<p><strong>Gisela Adissi<\/strong><br \/>\nCEO del Grupo Primaveras en Brasil, Presidente de SINCEP y ACEMPBRA (Sindicato y Asociaci\u00f3n de los Cementerios y Crematorios Particulares de Brasil) y una de las fundadoras del proyecto \u201c\u00bfY si hablamos de duelo?\u201d.<\/p>\n","protected":false},"excerpt":{"rendered":"<p>Gisela Adissi, una de las fundadoras de \u2018\u00bfY si hablamos de duelo?\u2019, sinti\u00f3 verg\u00fcenza de ser due\u00f1a de un cementerio. Hasta que la muerte de un primo en un accidente, le dio un nuevo significado a esa historia. \u201cMi familia es la due\u00f1a de dos\u00a0cementerios, un crematorio, una funeraria, un plan de asistencia funeral y [&hellip;]<\/p>\n","protected":false},"author":106,"featured_media":868,"comment_status":"open","ping_status":"open","sticky":false,"template":"","format":"standard","meta":{"_et_pb_use_builder":"","_et_pb_old_content":"","_et_gb_content_width":"","footnotes":""},"categories":[3],"tags":[],"class_list":["post-867","post","type-post","status-publish","format-standard","has-post-thumbnail","hentry","category-articulos"],"_links":{"self":[{"href":"https:\/\/alpar.com.co\/blog\/wp-json\/wp\/v2\/posts\/867","targetHints":{"allow":["GET"]}}],"collection":[{"href":"https:\/\/alpar.com.co\/blog\/wp-json\/wp\/v2\/posts"}],"about":[{"href":"https:\/\/alpar.com.co\/blog\/wp-json\/wp\/v2\/types\/post"}],"author":[{"embeddable":true,"href":"https:\/\/alpar.com.co\/blog\/wp-json\/wp\/v2\/users\/106"}],"replies":[{"embeddable":true,"href":"https:\/\/alpar.com.co\/blog\/wp-json\/wp\/v2\/comments?post=867"}],"version-history":[{"count":5,"href":"https:\/\/alpar.com.co\/blog\/wp-json\/wp\/v2\/posts\/867\/revisions"}],"predecessor-version":[{"id":873,"href":"https:\/\/alpar.com.co\/blog\/wp-json\/wp\/v2\/posts\/867\/revisions\/873"}],"wp:featuredmedia":[{"embeddable":true,"href":"https:\/\/alpar.com.co\/blog\/wp-json\/wp\/v2\/media\/868"}],"wp:attachment":[{"href":"https:\/\/alpar.com.co\/blog\/wp-json\/wp\/v2\/media?parent=867"}],"wp:term":[{"taxonomy":"category","embeddable":true,"href":"https:\/\/alpar.com.co\/blog\/wp-json\/wp\/v2\/categories?post=867"},{"taxonomy":"post_tag","embeddable":true,"href":"https:\/\/alpar.com.co\/blog\/wp-json\/wp\/v2\/tags?post=867"}],"curies":[{"name":"wp","href":"https:\/\/api.w.org\/{rel}","templated":true}]}}