{"id":906,"date":"2018-09-14T08:17:38","date_gmt":"2018-09-14T13:17:38","guid":{"rendered":"http:\/\/alpar.com.co\/blog\/?p=906"},"modified":"2018-09-14T11:15:13","modified_gmt":"2018-09-14T16:15:13","slug":"participacion-en-el-desfile-de-autos-antiguos","status":"publish","type":"post","link":"https:\/\/alpar.com.co\/blog\/participacion-en-el-desfile-de-autos-antiguos\/","title":{"rendered":"Participaci\u00f3n en el desfile de autos antiguos"},"content":{"rendered":"<p>El 11 de agosto de 2018, Funeraria San Vicente S.A, asociado de ALPAR en Medell\u00edn, Colombia, particip\u00f3 en el Desfile de Autos Cl\u00e1sicos y Antiguos, en el marco de la Feria de Flores, evento multitudinario que se realiza anualmente en la ciudad sede de la empresa.<\/p>\n<p>En esta nueva versi\u00f3n del desfile, Funeraria San Vicente S.A. particip\u00f3 con 28 autos f\u00fanebres cl\u00e1sicos, colecci\u00f3n \u00fanica en el mundo, teniendo como protagonista su nueva creaci\u00f3n: una carroza f\u00fanebre adaptada a una motocicleta Harley Davidson.\u00a0 Adicionalmente promovieron una campa\u00f1a social que invita a cuidar la vida, con el lema: \u201cSe\u00f1or conductor: cuidemos la vida del motociclista, honremos su existencia m\u00e1s que su recuerdo\u201d.<\/p>\n<p><iframe loading=\"lazy\" width=\"1080\" height=\"608\" src=\"https:\/\/www.youtube.com\/embed\/t3YIlK4oiCI?feature=oembed\" frameborder=\"0\" allow=\"autoplay; encrypted-media\" allowfullscreen><\/iframe><\/p>\n<hr style=\"width: 100px; clear: both !important; display: inline-block; text-align: left; padding-left: 60px;\" \/>\n<p><strong>Un aporte de Funeraria San Vicente S.A. Colombia<\/strong><br \/>\nAsociado ALPAR<\/p>\n","protected":false},"excerpt":{"rendered":"<p>El 11 de agosto de 2018, Funeraria San Vicente S.A, asociado de ALPAR en Medell\u00edn, Colombia, particip\u00f3 en el Desfile de Autos Cl\u00e1sicos y Antiguos, en el marco de la Feria de Flores, evento multitudinario que se realiza anualmente en la ciudad sede de la empresa. En esta nueva versi\u00f3n del desfile, Funeraria San Vicente [&hellip;]<\/p>\n","protected":false},"author":106,"featured_media":907,"comment_status":"open","ping_status":"open","sticky":false,"template":"","format":"video","meta":{"_et_pb_use_builder":"off","_et_pb_old_content":"<p>f gsdg sdfg sdgf sdfg sdfg<\/p><p>https:\/\/www.youtube.com\/embed\/GwrnjtW-rfk<\/p>","_et_gb_content_width":"","footnotes":""},"categories":[4],"tags":[],"class_list":["post-906","post","type-post","status-publish","format-video","has-post-thumbnail","hentry","category-videos","post_format-post-format-video"],"_links":{"self":[{"href":"https:\/\/alpar.com.co\/blog\/wp-json\/wp\/v2\/posts\/906","targetHints":{"allow":["GET"]}}],"collection":[{"href":"https:\/\/alpar.com.co\/blog\/wp-json\/wp\/v2\/posts"}],"about":[{"href":"https:\/\/alpar.com.co\/blog\/wp-json\/wp\/v2\/types\/post"}],"author":[{"embeddable":true,"href":"https:\/\/alpar.com.co\/blog\/wp-json\/wp\/v2\/users\/106"}],"replies":[{"embeddable":true,"href":"https:\/\/alpar.com.co\/blog\/wp-json\/wp\/v2\/comments?post=906"}],"version-history":[{"count":7,"href":"https:\/\/alpar.com.co\/blog\/wp-json\/wp\/v2\/posts\/906\/revisions"}],"predecessor-version":[{"id":914,"href":"https:\/\/alpar.com.co\/blog\/wp-json\/wp\/v2\/posts\/906\/revisions\/914"}],"wp:featuredmedia":[{"embeddable":true,"href":"https:\/\/alpar.com.co\/blog\/wp-json\/wp\/v2\/media\/907"}],"wp:attachment":[{"href":"https:\/\/alpar.com.co\/blog\/wp-json\/wp\/v2\/media?parent=906"}],"wp:term":[{"taxonomy":"category","embeddable":true,"href":"https:\/\/alpar.com.co\/blog\/wp-json\/wp\/v2\/categories?post=906"},{"taxonomy":"post_tag","embeddable":true,"href":"https:\/\/alpar.com.co\/blog\/wp-json\/wp\/v2\/tags?post=906"}],"curies":[{"name":"wp","href":"https:\/\/api.w.org\/{rel}","templated":true}]}}