{"id":931,"date":"2018-10-12T08:48:11","date_gmt":"2018-10-12T13:48:11","guid":{"rendered":"http:\/\/alpar.com.co\/blog\/?p=931"},"modified":"2018-10-12T08:48:11","modified_gmt":"2018-10-12T13:48:11","slug":"un-templo-de-celebracion-a-la-memoria","status":"publish","type":"post","link":"https:\/\/alpar.com.co\/blog\/un-templo-de-celebracion-a-la-memoria\/","title":{"rendered":"Un templo de celebraci\u00f3n a la memoria"},"content":{"rendered":"<p style=\"text-align: justify;\">Durante la \u00faltima semana de septiembre, la Conferencia Internacional InspirACIONES sobre Vida y Muerte, tuvo inicio en el estado brasile\u00f1o de S\u00e3o Paulo, teniendo como uno de los temas de apertura un estudio in\u00e9dito del Sindicato de los Cementerios y Crematorios Particulares de Brasil (SINCEP), que hizo un mapeo de la\u00a0<a href=\"https:\/\/www.bbc.co.uk\/portuguese\/topics\/5307a8d9-f620-40f5-92d4-f99c919a6ffa\">percepci\u00f3n<\/a>\u00a0de los brasile\u00f1os sobre la muerte y las ceremonias f\u00fanebres. Simult\u00e1neamente, cerca de 440 kil\u00f3metros de all\u00ed, en Rio de Janeiro, autoridades y empresarios de la Industria participaban en el acto de entrega de uno de los m\u00e1s modernos emprendimientos del \u00e1rea en el pa\u00eds. Un complejo de cementerios construido en 55 mil metros cuadrados dentro del Crematorio y Cementerio de la Penitencia, en la Zona Portuaria de la Ciudad Maravillosa.<\/p>\n<p style=\"text-align: justify;\">Los dos eventos, a pesar de distintos, arrojan luz a dos importantes puntos que la encuesta revela: el 82,4% de los brasile\u00f1os creen que no hay peor sufrimiento que el dolor de la p\u00e9rdida de alguien y el 63% consideran que la tristeza est\u00e1 asociada a la muerte. Los pilares de este nuevo emprendimiento carioca se construyeron justamente para dar apoyo a las familias en el momento del dolor m\u00e1s profundo de su existencia y ofrecer todos los recursos posibles para suavizar ese momento, dando un sentido memorable a esa p\u00e9rdida. Esa meta sirvi\u00f3 de inspiraci\u00f3n para que el Grupo Cortel reuniera uno de los aparatos tecnol\u00f3gicos m\u00e1s innovadores y creativos de Latinoam\u00e9rica en las ceremonias de despedidas.<\/p>\n<p><img loading=\"lazy\" decoding=\"async\" class=\"alignright wp-image-941\" src=\"http:\/\/alpar.com.co\/blog\/wp-content\/uploads\/sala-da-fam\u00edlia-Cemit\u00e9rio-da-Penit\u00eancia-2.jpg\" alt=\"\" width=\"400\" height=\"267\" srcset=\"https:\/\/alpar.com.co\/blog\/wp-content\/uploads\/sala-da-fam\u00edlia-Cemit\u00e9rio-da-Penit\u00eancia-2.jpg 600w, https:\/\/alpar.com.co\/blog\/wp-content\/uploads\/sala-da-fam\u00edlia-Cemit\u00e9rio-da-Penit\u00eancia-2-300x200.jpg 300w\" sizes=\"(max-width: 400px) 100vw, 400px\" \/><\/p>\n<p style=\"text-align: justify;\">La distinci\u00f3n del complejo de cementerios de La Penitencia, est\u00e1 justo en la lista de ceremonias que queda a la disposici\u00f3n de la sociedad. Todo pensando en los m\u00e1s m\u00ednimos detalles para preservar la memoria de quien parti\u00f3, en su personalidad y gustos por la vida. Para que eso sea posible, el Crematorio y Cementerio de la Penitencia implant\u00f3 un sistema avanzado de automatizaci\u00f3n en sus capillas velatorias, con capacidad para gestionar y cambiar los colores de las luces del ambiente, tanto del techo como de las paredes, as\u00ed como el sonido, cuyo estilo puede elegirse por los familiares, adem\u00e1s de proyecciones personalizadas que pueden realizarse en un televisor instalado en un punto del recinto.<\/p>\n<p style=\"text-align: justify;\"><img loading=\"lazy\" decoding=\"async\" class=\"alignright wp-image-932\" src=\"http:\/\/alpar.com.co\/blog\/wp-content\/uploads\/capela-ecum\u00eanica-Andr\u00e9-Telles.jpg\" alt=\"\" width=\"400\" height=\"267\" srcset=\"https:\/\/alpar.com.co\/blog\/wp-content\/uploads\/capela-ecum\u00eanica-Andr\u00e9-Telles.jpg 600w, https:\/\/alpar.com.co\/blog\/wp-content\/uploads\/capela-ecum\u00eanica-Andr\u00e9-Telles-300x200.jpg 300w\" sizes=\"(max-width: 400px) 100vw, 400px\" \/><\/p>\n<p style=\"text-align: justify;\">A la hora de la \u00faltima despedida, una capilla en formato de anfiteatro, con capacidad para cerca de 150 personas, reserva el\u00a0<em>grand finale<\/em>, con una plataforma especial para ubicar la urna, dando el efecto de que est\u00e1 flotando. A continuaci\u00f3n, el homenaje de la partida ocurre en medio de efectos especiales, como proyecciones de im\u00e1genes sobre la vida, lluvia de p\u00e9talas de rosas, hielo seco, m\u00fasica en directo y poes\u00edas. En esta atm\u00f3sfera, el adi\u00f3s gana un sentido menos impactante, m\u00e1s memorable y emociona a los presentes. Este modelo tiene un tono m\u00e1s\u00a0conceptual y marca una tendencia en nuestro pa\u00eds, rompiendo con la costumbre de la \u201cprisa para sepultar\u201d, que tanto perjudica psicol\u00f3gicamente a las familias.<\/p>\n<p>&nbsp;<\/p>\n<p><img loading=\"lazy\" decoding=\"async\" class=\"aligncenter wp-image-933\" src=\"http:\/\/alpar.com.co\/blog\/wp-content\/uploads\/capela-vel\u00f3rio-Cemit\u00e9rio-da-Penit\u00eancia-1.jpg\" alt=\"\" width=\"450\" height=\"300\" srcset=\"https:\/\/alpar.com.co\/blog\/wp-content\/uploads\/capela-vel\u00f3rio-Cemit\u00e9rio-da-Penit\u00eancia-1.jpg 600w, https:\/\/alpar.com.co\/blog\/wp-content\/uploads\/capela-vel\u00f3rio-Cemit\u00e9rio-da-Penit\u00eancia-1-300x200.jpg 300w\" sizes=\"(max-width: 450px) 100vw, 450px\" \/><\/p>\n<p>&nbsp;<\/p>\n<p><img loading=\"lazy\" decoding=\"async\" class=\"aligncenter wp-image-939\" src=\"http:\/\/alpar.com.co\/blog\/wp-content\/uploads\/cerim\u00f4nia-Cemit\u00e9rio-da-Penit\u00eancia-5.jpg\" alt=\"\" width=\"450\" height=\"300\" srcset=\"https:\/\/alpar.com.co\/blog\/wp-content\/uploads\/cerim\u00f4nia-Cemit\u00e9rio-da-Penit\u00eancia-5.jpg 600w, https:\/\/alpar.com.co\/blog\/wp-content\/uploads\/cerim\u00f4nia-Cemit\u00e9rio-da-Penit\u00eancia-5-300x200.jpg 300w\" sizes=\"(max-width: 450px) 100vw, 450px\" \/><\/p>\n<p><img loading=\"lazy\" decoding=\"async\" class=\"aligncenter wp-image-938\" src=\"http:\/\/alpar.com.co\/blog\/wp-content\/uploads\/cerim\u00f4nia-Cemit\u00e9rio-da-Penit\u00eancia-4.jpg\" alt=\"\" width=\"450\" height=\"300\" srcset=\"https:\/\/alpar.com.co\/blog\/wp-content\/uploads\/cerim\u00f4nia-Cemit\u00e9rio-da-Penit\u00eancia-4.jpg 600w, https:\/\/alpar.com.co\/blog\/wp-content\/uploads\/cerim\u00f4nia-Cemit\u00e9rio-da-Penit\u00eancia-4-300x200.jpg 300w\" sizes=\"(max-width: 450px) 100vw, 450px\" \/><\/p>\n<p><img loading=\"lazy\" decoding=\"async\" class=\"aligncenter wp-image-937\" src=\"http:\/\/alpar.com.co\/blog\/wp-content\/uploads\/cerim\u00f4nia-Cemit\u00e9rio-da-Penit\u00eancia-3.jpg\" alt=\"\" width=\"450\" height=\"300\" srcset=\"https:\/\/alpar.com.co\/blog\/wp-content\/uploads\/cerim\u00f4nia-Cemit\u00e9rio-da-Penit\u00eancia-3.jpg 600w, https:\/\/alpar.com.co\/blog\/wp-content\/uploads\/cerim\u00f4nia-Cemit\u00e9rio-da-Penit\u00eancia-3-300x200.jpg 300w\" sizes=\"(max-width: 450px) 100vw, 450px\" \/><\/p>\n<p><img loading=\"lazy\" decoding=\"async\" class=\"aligncenter wp-image-936\" src=\"http:\/\/alpar.com.co\/blog\/wp-content\/uploads\/cerim\u00f4nia-Cemit\u00e9rio-da-Penit\u00eancia-2.jpg\" alt=\"\" width=\"450\" height=\"300\" srcset=\"https:\/\/alpar.com.co\/blog\/wp-content\/uploads\/cerim\u00f4nia-Cemit\u00e9rio-da-Penit\u00eancia-2.jpg 600w, https:\/\/alpar.com.co\/blog\/wp-content\/uploads\/cerim\u00f4nia-Cemit\u00e9rio-da-Penit\u00eancia-2-300x200.jpg 300w\" sizes=\"(max-width: 450px) 100vw, 450px\" \/><\/p>\n<p style=\"text-align: justify;\">Las novedades que el complejo de cementerios present\u00f3 al mercado latinoamericano no paran por ah\u00ed; otro aspecto que se mostr\u00f3 como el favorito de la opini\u00f3n p\u00fablica: la sostenibilidad. En el cementerio vertical de La Penitencia, los nichos se construyeron con material renovable, una resina proveniente de botella PET, con cierre herm\u00e9tico. Acopladas a ellas, de forma pionera, una red de inteligencia artificial proporciona el intercambio y mantiene el control de los gases \u2013proceso controlado las 24 horas, a trav\u00e9s de una central de telemetr\u00eda, garantizando la seguridad ambiental del lugar\u2013. El propio edificio de ocho plantas atiende a las premisas sostenibles, con su proyecto arquitect\u00f3nico abierto en toda la superficie lateral, para tener mayor beneficio de la luz natural y adaptado para recolectar aguas lluvias.<\/p>\n<p><img loading=\"lazy\" decoding=\"async\" class=\"aligncenter wp-image-942\" src=\"http:\/\/alpar.com.co\/blog\/wp-content\/uploads\/usina-de-tratamento-de-ar-Cemit\u00e9rio-da-Penit\u00eancia.jpg\" alt=\"\" width=\"320\" height=\"447\" srcset=\"https:\/\/alpar.com.co\/blog\/wp-content\/uploads\/usina-de-tratamento-de-ar-Cemit\u00e9rio-da-Penit\u00eancia.jpg 600w, https:\/\/alpar.com.co\/blog\/wp-content\/uploads\/usina-de-tratamento-de-ar-Cemit\u00e9rio-da-Penit\u00eancia-215x300.jpg 215w\" sizes=\"(max-width: 320px) 100vw, 320px\" \/><\/p>\n<p style=\"text-align: justify;\">Las inversiones tecnol\u00f3gicas tambi\u00e9n incluyen el crematorio, que comenz\u00f3 a funcionar pocos meses antes de la inauguraci\u00f3n. Adem\u00e1s de los modernos filtros de cremaci\u00f3n, el grupo construy\u00f3 un columbario, donde se acomodadas las urnas en compartimientos individuales, cuyas puertas de vidrio dejan ver la decoraci\u00f3n de cada familia para el espacio. C\u00e1maras para conexi\u00f3n online, a trav\u00e9s de una clave personal, permiten una oraci\u00f3n a distancia para el ser querido, por ejemplo.<\/p>\n<p>&nbsp;<\/p>\n<p style=\"text-align: justify;\"><img loading=\"lazy\" decoding=\"async\" class=\"wp-image-940 alignnone\" src=\"http:\/\/alpar.com.co\/blog\/wp-content\/uploads\/columb\u00e1rio-Cemit\u00e9rio-da-Penit\u00eancia-1.jpg\" alt=\"\" width=\"345\" height=\"230\" srcset=\"https:\/\/alpar.com.co\/blog\/wp-content\/uploads\/columb\u00e1rio-Cemit\u00e9rio-da-Penit\u00eancia-1.jpg 600w, https:\/\/alpar.com.co\/blog\/wp-content\/uploads\/columb\u00e1rio-Cemit\u00e9rio-da-Penit\u00eancia-1-300x200.jpg 300w\" sizes=\"(max-width: 345px) 100vw, 345px\" \/><img loading=\"lazy\" decoding=\"async\" class=\"alignleft wp-image-934\" src=\"http:\/\/alpar.com.co\/blog\/wp-content\/uploads\/cemit\u00e9rio-vertical-da-Penit\u00eancia-2.jpg\" alt=\"\" width=\"345\" height=\"230\" srcset=\"https:\/\/alpar.com.co\/blog\/wp-content\/uploads\/cemit\u00e9rio-vertical-da-Penit\u00eancia-2.jpg 600w, https:\/\/alpar.com.co\/blog\/wp-content\/uploads\/cemit\u00e9rio-vertical-da-Penit\u00eancia-2-300x200.jpg 300w\" sizes=\"(max-width: 345px) 100vw, 345px\" \/><\/p>\n<p style=\"text-align: justify;\">La personalizaci\u00f3n en el momento de la muerte es la t\u00f3nica del Crematorio y Cementerio de la Penitencia, que ofrece un proyecto arquitect\u00f3nico y de decoraci\u00f3n para mausoleos, ceremonias personalizadas, espacios con medidas especiales, entre otros servicios. Ese tipo de oferta comienza a ganar espacio entre los brasile\u00f1os. Y el complejo de cementerios de La Penitencia es un ejemplo en el mercado de Latinoam\u00e9rica, de cu\u00e1nto es posible invertir en la prevenci\u00f3n de las familias, en cuanto a sepultura. La\u00a0Conferencia Internacional InspirACIONES demostr\u00f3 que el prejuicio todav\u00eda obstaculiza a los avances, pero tambi\u00e9n que el mercado est\u00e1 venciendo el tab\u00fa, con las tecnolog\u00edas de punta y el profesionalismo de los equipos de atenci\u00f3n cada vez m\u00e1s entrenados para los nuevos tiempos. \u00a1El Crematorio y el Cementerio de la Penitencia es la prueba de que todo es posible!<\/p>\n<hr style=\"width: 100px; clear: both !important; display: inline-block; text-align: left; padding-left: 60px;\" \/>\n<p><strong>Rafael Azevedo Flores<\/strong><br \/>\nDirector\u00a0Presidente del Grupo Cortel, Vicepresidente del Sindicato\u00a0de los Cementerios y Crematorios Particulares de Brasil (SINCEP\u2013regional Norte) y\u00a0miembro del Consejo Directivo de la Asociaci\u00f3n Gremial Latinoamericana de Cementerios y Servicios Funerarios &#8211; ALPAR.<\/p>\n","protected":false},"excerpt":{"rendered":"<p>Durante la \u00faltima semana de septiembre, la Conferencia Internacional InspirACIONES sobre Vida y Muerte, tuvo inicio en el estado brasile\u00f1o de S\u00e3o Paulo, teniendo como uno de los temas de apertura un estudio in\u00e9dito del Sindicato de los Cementerios y Crematorios Particulares de Brasil (SINCEP), que hizo un mapeo de la\u00a0percepci\u00f3n\u00a0de los brasile\u00f1os sobre la [&hellip;]<\/p>\n","protected":false},"author":106,"featured_media":935,"comment_status":"open","ping_status":"open","sticky":false,"template":"","format":"standard","meta":{"_et_pb_use_builder":"","_et_pb_old_content":"","_et_gb_content_width":"","footnotes":""},"categories":[3],"tags":[],"class_list":["post-931","post","type-post","status-publish","format-standard","has-post-thumbnail","hentry","category-articulos"],"_links":{"self":[{"href":"https:\/\/alpar.com.co\/blog\/wp-json\/wp\/v2\/posts\/931","targetHints":{"allow":["GET"]}}],"collection":[{"href":"https:\/\/alpar.com.co\/blog\/wp-json\/wp\/v2\/posts"}],"about":[{"href":"https:\/\/alpar.com.co\/blog\/wp-json\/wp\/v2\/types\/post"}],"author":[{"embeddable":true,"href":"https:\/\/alpar.com.co\/blog\/wp-json\/wp\/v2\/users\/106"}],"replies":[{"embeddable":true,"href":"https:\/\/alpar.com.co\/blog\/wp-json\/wp\/v2\/comments?post=931"}],"version-history":[{"count":6,"href":"https:\/\/alpar.com.co\/blog\/wp-json\/wp\/v2\/posts\/931\/revisions"}],"predecessor-version":[{"id":948,"href":"https:\/\/alpar.com.co\/blog\/wp-json\/wp\/v2\/posts\/931\/revisions\/948"}],"wp:featuredmedia":[{"embeddable":true,"href":"https:\/\/alpar.com.co\/blog\/wp-json\/wp\/v2\/media\/935"}],"wp:attachment":[{"href":"https:\/\/alpar.com.co\/blog\/wp-json\/wp\/v2\/media?parent=931"}],"wp:term":[{"taxonomy":"category","embeddable":true,"href":"https:\/\/alpar.com.co\/blog\/wp-json\/wp\/v2\/categories?post=931"},{"taxonomy":"post_tag","embeddable":true,"href":"https:\/\/alpar.com.co\/blog\/wp-json\/wp\/v2\/tags?post=931"}],"curies":[{"name":"wp","href":"https:\/\/api.w.org\/{rel}","templated":true}]}}