{"id":957,"date":"2018-10-26T09:06:47","date_gmt":"2018-10-26T14:06:47","guid":{"rendered":"http:\/\/alpar.com.co\/blog\/?p=957"},"modified":"2018-10-26T09:24:03","modified_gmt":"2018-10-26T14:24:03","slug":"mexicraneos-una-exposicion-callejera-para-celebrar-la-muerte","status":"publish","type":"post","link":"https:\/\/alpar.com.co\/blog\/mexicraneos-una-exposicion-callejera-para-celebrar-la-muerte\/","title":{"rendered":"MEXICR\u00c1NEOS, una exposici\u00f3n callejera para celebrar la muerte"},"content":{"rendered":"<h2 style=\"text-align: left;\"><em>Todos los cr\u00e1neos fueron intervenidos por artistas mexicanos\u2026<\/em><\/h2>\n<p style=\"text-align: justify;\">Una de las tradiciones m\u00e1s importantes y arraigadas en nuestro pa\u00eds es el\u00a0<strong>D\u00eda de Muertos<\/strong>, esa fecha que celebra la muerte conmemorando a los que ya no est\u00e1n con nosotros con altares, colores, comida y hasta m\u00fasica. El 2 de noviembre no es un d\u00eda para el luto, sino todo lo contrario,\u00a0<strong>es un d\u00eda lleno de festejos<\/strong>\u00a0que adem\u00e1s de rendir tributo a los difuntos, funge tambi\u00e9n como un homenaje a las costumbres ancestrales de M\u00e9xico.<\/p>\n<p style=\"text-align: justify;\">Este\u00a0<strong>Patrimonio Cultural de la Humanidad<\/strong>\u00a0se celebra de diferentes maneras: las calles se visten de anaranjado con las flores cempas\u00fachil, se cuelga por todos lados papel picado de colores y se montan geniales ofrendas en los hogares de todos los mexicanos. Pero tambi\u00e9n es una fecha que se conmemora con otras actividades y expresiones. Tal es\u00a0<strong>el caso del arte<\/strong>, una forma maravillosa y original de enaltecer nuestras tradiciones.<\/p>\n<p><img loading=\"lazy\" decoding=\"async\" class=\"aligncenter wp-image-962\" src=\"http:\/\/alpar.com.co\/blog\/wp-content\/uploads\/mexicraneos-4-768x480.jpg\" alt=\"\" width=\"500\" height=\"313\" srcset=\"https:\/\/alpar.com.co\/blog\/wp-content\/uploads\/mexicraneos-4-768x480.jpg 768w, https:\/\/alpar.com.co\/blog\/wp-content\/uploads\/mexicraneos-4-768x480-300x188.jpg 300w, https:\/\/alpar.com.co\/blog\/wp-content\/uploads\/mexicraneos-4-768x480-400x250.jpg 400w\" sizes=\"(max-width: 500px) 100vw, 500px\" \/><br \/>\n<img loading=\"lazy\" decoding=\"async\" class=\"aligncenter wp-image-958\" src=\"http:\/\/alpar.com.co\/blog\/wp-content\/uploads\/mexicraneos-1.jpg\" alt=\"\" width=\"500\" height=\"372\" srcset=\"https:\/\/alpar.com.co\/blog\/wp-content\/uploads\/mexicraneos-1.jpg 745w, https:\/\/alpar.com.co\/blog\/wp-content\/uploads\/mexicraneos-1-300x223.jpg 300w\" sizes=\"(max-width: 500px) 100vw, 500px\" \/><\/p>\n<p style=\"text-align: justify;\">Por el Paseo de la Reforma, una de las avenidas m\u00e1s ic\u00f3nicas de la Ciudad de M\u00e9xico,\u00a0<strong>se desdobla una exposici\u00f3n loable<\/strong>, que fue organizada por la asociaci\u00f3n Locos por el Arte, la Funeraria J. Garc\u00eda L\u00f3pez y el gobierno de la capital.<\/p>\n<p>El nombre de la muestra es\u00a0<strong><em>Mexicr\u00e1neos<\/em><\/strong>, y consiste en obras escult\u00f3ricas que habitan la avenida desde la Estela de Luz hasta el \u00c1ngel de la Independencia, con el objetivo de dar a conocer\u00a0<strong>el trabajo de 50 artistas mexicanos<\/strong>.<\/p>\n<p>Como su nombre lo indica, la exposici\u00f3n est\u00e1 compuesta de cr\u00e1neos, quiz\u00e1s el emblema m\u00e1s popular del D\u00eda de Muertos. Para esta fant\u00e1stica iniciativa,\u00a0<strong>los grandes cr\u00e1neos fueron los que fungieron como lienzos<\/strong>, para que el talento de creadores mexicanos pudiera plasmar los aspectos m\u00e1s representativos de nuestras tradiciones.<\/p>\n<p><img loading=\"lazy\" decoding=\"async\" class=\"aligncenter wp-image-960\" src=\"http:\/\/alpar.com.co\/blog\/wp-content\/uploads\/mexicraneos-2.jpg\" alt=\"\" width=\"500\" height=\"502\" srcset=\"https:\/\/alpar.com.co\/blog\/wp-content\/uploads\/mexicraneos-2.jpg 600w, https:\/\/alpar.com.co\/blog\/wp-content\/uploads\/mexicraneos-2-150x150.jpg 150w, https:\/\/alpar.com.co\/blog\/wp-content\/uploads\/mexicraneos-2-300x300.jpg 300w\" sizes=\"(max-width: 500px) 100vw, 500px\" \/><\/p>\n<p><img loading=\"lazy\" decoding=\"async\" class=\"aligncenter wp-image-963\" src=\"http:\/\/alpar.com.co\/blog\/wp-content\/uploads\/41207867055_2ffc7573cd_b-768x512.jpg\" alt=\"\" width=\"500\" height=\"333\" srcset=\"https:\/\/alpar.com.co\/blog\/wp-content\/uploads\/41207867055_2ffc7573cd_b-768x512.jpg 768w, https:\/\/alpar.com.co\/blog\/wp-content\/uploads\/41207867055_2ffc7573cd_b-768x512-300x200.jpg 300w\" sizes=\"(max-width: 500px) 100vw, 500px\" \/><\/p>\n<p><img loading=\"lazy\" decoding=\"async\" class=\"aligncenter wp-image-964\" src=\"http:\/\/alpar.com.co\/blog\/wp-content\/uploads\/expocisin-mexicraneos-768x449.jpg\" alt=\"\" width=\"500\" height=\"292\" srcset=\"https:\/\/alpar.com.co\/blog\/wp-content\/uploads\/expocisin-mexicraneos-768x449.jpg 768w, https:\/\/alpar.com.co\/blog\/wp-content\/uploads\/expocisin-mexicraneos-768x449-300x175.jpg 300w\" sizes=\"(max-width: 500px) 100vw, 500px\" \/><br \/>\nY es que de esto se trata\u00a0<strong><em>Mexicr\u00e1neos<\/em><\/strong>, de representar en un cr\u00e1neo detalles propios de la gastronom\u00eda, biodiversidad, vida y muerte que define a nuestro maravilloso pa\u00eds.<\/p>\n<p style=\"text-align: justify;\">Lo bueno de la muestra es que despu\u00e9s de su culminaci\u00f3n, algunos cr\u00e1neos ser\u00e1n subastados con el objetivo de reunir dinero para apoyar a fundaciones. Por su parte, otras de las piezas\u00a0<strong>viajar\u00e1n a distintos pa\u00edses del mundo\u00a0<\/strong>para que los empedernidos del arte puedan admirar las creaciones de artistas mexicanos. No dejes de recorrer Reforma\u00a0<strong>para reenamorarte de nuestra cultura<\/strong>\u00a0con estas obras monumentales.<\/p>\n<p><img loading=\"lazy\" decoding=\"async\" class=\"aligncenter wp-image-961\" src=\"http:\/\/alpar.com.co\/blog\/wp-content\/uploads\/mexicraneos-3-768x511.jpg\" alt=\"\" width=\"500\" height=\"333\" srcset=\"https:\/\/alpar.com.co\/blog\/wp-content\/uploads\/mexicraneos-3-768x511.jpg 768w, https:\/\/alpar.com.co\/blog\/wp-content\/uploads\/mexicraneos-3-768x511-300x200.jpg 300w\" sizes=\"(max-width: 500px) 100vw, 500px\" \/><\/p>\n<p><img loading=\"lazy\" decoding=\"async\" class=\"aligncenter wp-image-959\" src=\"http:\/\/alpar.com.co\/blog\/wp-content\/uploads\/mexicraneos-1-1-768x512.jpg\" alt=\"\" width=\"500\" height=\"333\" srcset=\"https:\/\/alpar.com.co\/blog\/wp-content\/uploads\/mexicraneos-1-1-768x512.jpg 768w, https:\/\/alpar.com.co\/blog\/wp-content\/uploads\/mexicraneos-1-1-768x512-300x200.jpg 300w\" sizes=\"(max-width: 500px) 100vw, 500px\" \/><\/p>\n<p><img loading=\"lazy\" decoding=\"async\" class=\"aligncenter wp-image-965\" src=\"http:\/\/alpar.com.co\/blog\/wp-content\/uploads\/mexicraneo-horizontal-768x512.jpg\" alt=\"\" width=\"500\" height=\"333\" srcset=\"https:\/\/alpar.com.co\/blog\/wp-content\/uploads\/mexicraneo-horizontal-768x512.jpg 768w, https:\/\/alpar.com.co\/blog\/wp-content\/uploads\/mexicraneo-horizontal-768x512-300x200.jpg 300w\" sizes=\"(max-width: 500px) 100vw, 500px\" \/><\/p>\n<h2 style=\"text-align: justify;\"><strong><em>Mexicr\u00e1neos<\/em><\/strong><\/h2>\n<p style=\"text-align: justify;\"><strong>Direcci\u00f3n:<\/strong>\u00a0Paseo de la Reforma. Desde la Estela de Luz hasta el \u00c1ngel de la Independencia. Ciudad de M\u00e9xico, M\u00e9xico.<br \/>\n<strong>Fecha:<\/strong>\u00a014 de octubre hasta el 11 de noviembre.<br \/>\n<strong><a href=\"http:\/\/www.mexicraneos.com\/17\/\" target=\"_blank\" rel=\"nofollow noopener\">P\u00e1gina web<\/a><\/strong><\/p>\n<hr style=\"width: 10%; clear: both !important; display: inline-block; text-align: left;\" \/>\n<p><strong><em>Fuente:<\/em><\/strong><br \/>\n<em> MXCITY, Gu\u00eda Insider. (Octubre de 2018). MEXICR\u00c1NEOS, una exposici\u00f3n callejera para celebrar la muerte. Recuperado de <\/em><a href=\"https:\/\/mxcity.mx\/2018\/10\/mexicraneos-una-exposicion-para-celebrar-la-muerte\/s\" target=\"_blank\" rel=\"noopener\"><em>www.mxcity.mx<\/em><\/a><\/p>\n","protected":false},"excerpt":{"rendered":"<p>Todos los cr\u00e1neos fueron intervenidos por artistas mexicanos\u2026 Una de las tradiciones m\u00e1s importantes y arraigadas en nuestro pa\u00eds es el\u00a0D\u00eda de Muertos, esa fecha que celebra la muerte conmemorando a los que ya no est\u00e1n con nosotros con altares, colores, comida y hasta m\u00fasica. El 2 de noviembre no es un d\u00eda para el [&hellip;]<\/p>\n","protected":false},"author":106,"featured_media":966,"comment_status":"open","ping_status":"open","sticky":false,"template":"","format":"standard","meta":{"_et_pb_use_builder":"","_et_pb_old_content":"","_et_gb_content_width":"","footnotes":""},"categories":[3],"tags":[],"class_list":["post-957","post","type-post","status-publish","format-standard","has-post-thumbnail","hentry","category-articulos"],"_links":{"self":[{"href":"https:\/\/alpar.com.co\/blog\/wp-json\/wp\/v2\/posts\/957","targetHints":{"allow":["GET"]}}],"collection":[{"href":"https:\/\/alpar.com.co\/blog\/wp-json\/wp\/v2\/posts"}],"about":[{"href":"https:\/\/alpar.com.co\/blog\/wp-json\/wp\/v2\/types\/post"}],"author":[{"embeddable":true,"href":"https:\/\/alpar.com.co\/blog\/wp-json\/wp\/v2\/users\/106"}],"replies":[{"embeddable":true,"href":"https:\/\/alpar.com.co\/blog\/wp-json\/wp\/v2\/comments?post=957"}],"version-history":[{"count":4,"href":"https:\/\/alpar.com.co\/blog\/wp-json\/wp\/v2\/posts\/957\/revisions"}],"predecessor-version":[{"id":971,"href":"https:\/\/alpar.com.co\/blog\/wp-json\/wp\/v2\/posts\/957\/revisions\/971"}],"wp:featuredmedia":[{"embeddable":true,"href":"https:\/\/alpar.com.co\/blog\/wp-json\/wp\/v2\/media\/966"}],"wp:attachment":[{"href":"https:\/\/alpar.com.co\/blog\/wp-json\/wp\/v2\/media?parent=957"}],"wp:term":[{"taxonomy":"category","embeddable":true,"href":"https:\/\/alpar.com.co\/blog\/wp-json\/wp\/v2\/categories?post=957"},{"taxonomy":"post_tag","embeddable":true,"href":"https:\/\/alpar.com.co\/blog\/wp-json\/wp\/v2\/tags?post=957"}],"curies":[{"name":"wp","href":"https:\/\/api.w.org\/{rel}","templated":true}]}}