{"id":973,"date":"2018-11-01T14:30:39","date_gmt":"2018-11-01T19:30:39","guid":{"rendered":"http:\/\/alpar.com.co\/blog\/?p=973"},"modified":"2018-11-01T14:57:45","modified_gmt":"2018-11-01T19:57:45","slug":"en-brasil-el-mundo-unido-por-la-vida-movilizo-a-la-comunidad-de-porto-alegre","status":"publish","type":"post","link":"https:\/\/alpar.com.co\/blog\/en-brasil-el-mundo-unido-por-la-vida-movilizo-a-la-comunidad-de-porto-alegre\/","title":{"rendered":"En Brasil, \u201cEl mundo unido por la vida\u201d moviliz\u00f3 a la comunidad de Porto Alegre"},"content":{"rendered":"<p style=\"text-align: justify;\">Grupo Cortel, asociado de ALPAR en Brasil, promovi\u00f3 el domingo, 30 de septiembre, en la ciudad de Porto Alegre, la edici\u00f3n 2018 de \u201cEl mundo unido por la vida\u201d, contando con gran participaci\u00f3n de la comunidad local.<\/p>\n<p style=\"text-align: justify;\">A trav\u00e9s de la iniciativa, promovida hace tres a\u00f1os en colaboraci\u00f3n con ALPAR, Grupo Cortel busca ampliar la integraci\u00f3n de la empresa con la comunidad donde act\u00faa, al celebrar la vida, sus valores y la memoria de aquellos que se han ido.\u00a0 Los temas desarrollados retratan la actualidad y sirven para ampliar el debate sobre asuntos que impactan directamente a la poblaci\u00f3n local, como violencia y salud, que han sido las tem\u00e1ticas de las \u00faltimas ediciones.<\/p>\n<p style=\"text-align: justify;\">Adem\u00e1s de la gran presencia del p\u00fablico, las actividades que Grupo Cortel ha desarrollado, garantizaron una fuerte respuesta en los medios, generando noticias en los m\u00e1s grandes medios de comunicaci\u00f3n locales e incluso nacionales, especialmente para radio, televisi\u00f3n, prensa, revistas, p\u00e1ginas web y blogs, adem\u00e1s de las redes sociales, que multiplicaron en gran medida la inversi\u00f3n inicial para realizar el evento. \u201cEl mundo unido por la vida\u201d ya es el segundo evento anual m\u00e1s grande que Grupo Cortel promueve en participaci\u00f3n popular y respuesta de los medios, y solo lo supera el Dia de Difuntos.<\/p>\n<p style=\"text-align: justify;\"><em><img loading=\"lazy\" decoding=\"async\" class=\"alignright wp-image-975\" src=\"http:\/\/alpar.com.co\/blog\/wp-content\/uploads\/2016-foto-1.jpg\" alt=\"\" width=\"300\" height=\"167\" srcset=\"https:\/\/alpar.com.co\/blog\/wp-content\/uploads\/2016-foto-1.jpg 3456w, https:\/\/alpar.com.co\/blog\/wp-content\/uploads\/2016-foto-1-300x167.jpg 300w, https:\/\/alpar.com.co\/blog\/wp-content\/uploads\/2016-foto-1-768x428.jpg 768w, https:\/\/alpar.com.co\/blog\/wp-content\/uploads\/2016-foto-1-1024x571.jpg 1024w, https:\/\/alpar.com.co\/blog\/wp-content\/uploads\/2016-foto-1-1080x603.jpg 1080w\" sizes=\"(max-width: 300px) 100vw, 300px\" \/><\/em>En 2016, en el Parque Germania, ubicado en la zona norte de Porto Alegre, se desarroll\u00f3 la primera actividad de \u201cEl mundo unido por la vida\u201d realizada por Grupo Cortel. En esta oportunidad, 1465 globos blancos, simbolizando el n\u00famero de muertes por homicidio, que hubo en 2015 en la capital y regi\u00f3n metropolitana, decoraron el c\u00e9sped del parque para promover una reflexi\u00f3n sobre la banalizaci\u00f3n de la vida y debatir la no violencia. Durante el encuentro, la organizaci\u00f3n distribuy\u00f3 material informativo sobre las cifras de violencia y semillas de distintas flores, con el objetivo de renovar la vida.<\/p>\n<p style=\"text-align: justify;\"><em>\u00a0<\/em><\/p>\n<p><img loading=\"lazy\" decoding=\"async\" class=\"aligncenter wp-image-976\" src=\"http:\/\/alpar.com.co\/blog\/wp-content\/uploads\/2016-foto-2.jpg\" alt=\"\" width=\"580\" height=\"330\" srcset=\"https:\/\/alpar.com.co\/blog\/wp-content\/uploads\/2016-foto-2.jpg 2596w, https:\/\/alpar.com.co\/blog\/wp-content\/uploads\/2016-foto-2-300x171.jpg 300w, https:\/\/alpar.com.co\/blog\/wp-content\/uploads\/2016-foto-2-768x437.jpg 768w, https:\/\/alpar.com.co\/blog\/wp-content\/uploads\/2016-foto-2-1024x582.jpg 1024w, https:\/\/alpar.com.co\/blog\/wp-content\/uploads\/2016-foto-2-1080x614.jpg 1080w\" sizes=\"(max-width: 580px) 100vw, 580px\" \/><\/p>\n<p style=\"text-align: justify;\"><em><img loading=\"lazy\" decoding=\"async\" class=\"wp-image-977 aligncenter\" src=\"http:\/\/alpar.com.co\/blog\/wp-content\/uploads\/2016-foto-3.jpg\" alt=\"\" width=\"580\" height=\"387\" srcset=\"https:\/\/alpar.com.co\/blog\/wp-content\/uploads\/2016-foto-3.jpg 3456w, https:\/\/alpar.com.co\/blog\/wp-content\/uploads\/2016-foto-3-300x200.jpg 300w, https:\/\/alpar.com.co\/blog\/wp-content\/uploads\/2016-foto-3-768x512.jpg 768w, https:\/\/alpar.com.co\/blog\/wp-content\/uploads\/2016-foto-3-1024x683.jpg 1024w, https:\/\/alpar.com.co\/blog\/wp-content\/uploads\/2016-foto-3-1080x720.jpg 1080w\" sizes=\"(max-width: 580px) 100vw, 580px\" \/><\/em><\/p>\n<p style=\"text-align: justify;\"><em><img loading=\"lazy\" decoding=\"async\" class=\"alignright wp-image-978\" src=\"http:\/\/alpar.com.co\/blog\/wp-content\/uploads\/2017-foto-1.jpg\" alt=\"\" width=\"400\" height=\"236\" srcset=\"https:\/\/alpar.com.co\/blog\/wp-content\/uploads\/2017-foto-1.jpg 853w, https:\/\/alpar.com.co\/blog\/wp-content\/uploads\/2017-foto-1-300x177.jpg 300w, https:\/\/alpar.com.co\/blog\/wp-content\/uploads\/2017-foto-1-768x454.jpg 768w\" sizes=\"(max-width: 400px) 100vw, 400px\" \/><\/em><\/p>\n<p style=\"text-align: justify;\">El a\u00f1o pasado, la acci\u00f3n se llev\u00f3 a cabo en el Parque Farroupilha, en Porto Alegre, y el tema central fue la Violencia contra la Mujer. En el lugar se instalaron 359 molinetes de papel, como s\u00edmbolo del n\u00famero de feminicidios (consumados o tentativas) que hubo en la capital gaucha en 2016. Durante el evento, el p\u00fablico recibi\u00f3 material informativo sobre los canales de denuncia, prevenci\u00f3n e informaci\u00f3n, dedicados especialmente a las mujeres en situaci\u00f3n de vulnerabilidad. De acuerdo con la ONU, la tasa de feminicidios en Brasil es la quinta m\u00e1s alta del mundo.<\/p>\n<p style=\"text-align: justify;\"><img loading=\"lazy\" decoding=\"async\" class=\"aligncenter wp-image-979\" src=\"http:\/\/alpar.com.co\/blog\/wp-content\/uploads\/2017-foto-2.jpg\" alt=\"\" width=\"580\" height=\"387\" srcset=\"https:\/\/alpar.com.co\/blog\/wp-content\/uploads\/2017-foto-2.jpg 3456w, https:\/\/alpar.com.co\/blog\/wp-content\/uploads\/2017-foto-2-300x200.jpg 300w, https:\/\/alpar.com.co\/blog\/wp-content\/uploads\/2017-foto-2-768x512.jpg 768w, https:\/\/alpar.com.co\/blog\/wp-content\/uploads\/2017-foto-2-1024x683.jpg 1024w, https:\/\/alpar.com.co\/blog\/wp-content\/uploads\/2017-foto-2-1080x720.jpg 1080w\" sizes=\"(max-width: 580px) 100vw, 580px\" \/><\/p>\n<p style=\"text-align: justify;\"><img loading=\"lazy\" decoding=\"async\" class=\"aligncenter wp-image-980\" src=\"http:\/\/alpar.com.co\/blog\/wp-content\/uploads\/2017-foto-3.jpg\" alt=\"\" width=\"580\" height=\"387\" srcset=\"https:\/\/alpar.com.co\/blog\/wp-content\/uploads\/2017-foto-3.jpg 3456w, https:\/\/alpar.com.co\/blog\/wp-content\/uploads\/2017-foto-3-300x200.jpg 300w, https:\/\/alpar.com.co\/blog\/wp-content\/uploads\/2017-foto-3-768x512.jpg 768w, https:\/\/alpar.com.co\/blog\/wp-content\/uploads\/2017-foto-3-1024x683.jpg 1024w, https:\/\/alpar.com.co\/blog\/wp-content\/uploads\/2017-foto-3-1080x720.jpg 1080w\" sizes=\"(max-width: 580px) 100vw, 580px\" \/><\/p>\n<p>&nbsp;<\/p>\n<p style=\"text-align: justify;\">En 2018, la Salud fue el tema que los organizadores del evento escogieron. El evento cont\u00f3 con una programaci\u00f3n especial que abord\u00f3 la salud f\u00edsica y mental de cada uno, de la familia e incluso de las mascotas, a partir de la idea de que vivir con salud es vivir m\u00e1s y mejor.<\/p>\n<p>Durante la acci\u00f3n, que se llev\u00f3 a cabo en el Cementerio S\u00e3o Vicente (empresa del Grupo Cortel en la ciudad), se ofrecieron diversas actividades gratuitas para el p\u00fablico, incluyendo clases de yoga, feria de productos org\u00e1nicos, charla sobre cuidados para mascotas, teatro infantil y consejos para una alimentaci\u00f3n saludable, adem\u00e1s de masajes y caminatas.<\/p>\n<p><img loading=\"lazy\" decoding=\"async\" class=\"aligncenter wp-image-982\" src=\"http:\/\/alpar.com.co\/blog\/wp-content\/uploads\/2018-foto-2.jpg\" alt=\"\" width=\"580\" height=\"387\" srcset=\"https:\/\/alpar.com.co\/blog\/wp-content\/uploads\/2018-foto-2.jpg 3456w, https:\/\/alpar.com.co\/blog\/wp-content\/uploads\/2018-foto-2-300x200.jpg 300w, https:\/\/alpar.com.co\/blog\/wp-content\/uploads\/2018-foto-2-768x512.jpg 768w, https:\/\/alpar.com.co\/blog\/wp-content\/uploads\/2018-foto-2-1024x683.jpg 1024w, https:\/\/alpar.com.co\/blog\/wp-content\/uploads\/2018-foto-2-1080x720.jpg 1080w\" sizes=\"(max-width: 580px) 100vw, 580px\" \/><\/p>\n<p><img loading=\"lazy\" decoding=\"async\" class=\"aligncenter wp-image-983\" src=\"http:\/\/alpar.com.co\/blog\/wp-content\/uploads\/2018-foto-3.jpg\" alt=\"\" width=\"580\" height=\"389\" srcset=\"https:\/\/alpar.com.co\/blog\/wp-content\/uploads\/2018-foto-3.jpg 3245w, https:\/\/alpar.com.co\/blog\/wp-content\/uploads\/2018-foto-3-300x201.jpg 300w, https:\/\/alpar.com.co\/blog\/wp-content\/uploads\/2018-foto-3-768x515.jpg 768w, https:\/\/alpar.com.co\/blog\/wp-content\/uploads\/2018-foto-3-1024x686.jpg 1024w, https:\/\/alpar.com.co\/blog\/wp-content\/uploads\/2018-foto-3-1080x724.jpg 1080w\" sizes=\"(max-width: 580px) 100vw, 580px\" \/><\/p>\n<hr style=\"width: 100px; clear: both !important; display: inline-block; text-align: left; padding-left: 60px;\" \/>\n<p><strong>Rafael Azevedo Flores<\/strong><br \/>\nDirector Presidente del Grupo Cortel, Vicepresidente del Sindicato de los Cementerios y Crematorios Particulares de Brasil (SINCEP\u2013regional Norte) y miembro del Consejo Directivo de la Asociaci\u00f3n Gremial Latinoamericana de Cementerios y Servicios Funerarios &#8211; ALPAR.<\/p>\n<hr style=\"width: 100px; clear: both !important; display: inline-block; text-align: left; padding-left: 60px;\" \/>\n<h3>ARCHIVOS DE PRENSA:<\/h3>\n<h4><strong><br \/>\n2016 \u2013 PARQUE GERM\u00c2NIA \/ PORTO ALEGRE:<br \/>\n<\/strong><\/h4>\n<p><strong>\u2022 RBS TV \u2013 REDE GLOBO: <\/strong><a href=\"http:\/\/g1.globo.com\/rs\/rio-grande-do-sul\/bom-dia-rio-grande\/videos\/t\/edicoes\/v\/moradores-de-porto-alegre-se-reunem-e-pedem-paz-e-valorizacao-da-vida\/5251465\/\" target=\"_blank\" rel=\"noopener\">Moradores de Porto Alegre se re\u00fanem e pedem paz e valoriza\u00e7\u00e3o da vida<\/a><\/p>\n<p><strong>\u2022 CORREIO DO POVO \u2013 RECORD:<\/strong><\/p>\n<p><img loading=\"lazy\" decoding=\"async\" class=\"alignnone wp-image-986 size-full\" src=\"http:\/\/alpar.com.co\/blog\/wp-content\/uploads\/CORREIO-DO-POVO-\u2013-RECORD.png\" alt=\"\" width=\"286\" height=\"536\" srcset=\"https:\/\/alpar.com.co\/blog\/wp-content\/uploads\/CORREIO-DO-POVO-\u2013-RECORD.png 286w, https:\/\/alpar.com.co\/blog\/wp-content\/uploads\/CORREIO-DO-POVO-\u2013-RECORD-160x300.png 160w\" sizes=\"(max-width: 286px) 100vw, 286px\" \/><\/p>\n<p><strong>BAND NEWS \u2013 BANDEIRANTES:<\/strong><\/p>\n<audio class=\"wp-audio-shortcode\" id=\"audio-973-1\" preload=\"none\" style=\"width: 100%;\" controls=\"controls\"><source type=\"audio\/mpeg\" src=\"http:\/\/alpar.com.co\/blog\/wp-content\/uploads\/Band-News-Bandeirantes.mp3?_=1\" \/><a href=\"http:\/\/alpar.com.co\/blog\/wp-content\/uploads\/Band-News-Bandeirantes.mp3\">http:\/\/alpar.com.co\/blog\/wp-content\/uploads\/Band-News-Bandeirantes.mp3<\/a><\/audio>\n<p><strong>\u00a0<\/strong><\/p>\n<h4><strong>2017 \u2013 PARQUE FARROUPILHA \/ PORTO ALEGRE<\/strong><\/h4>\n<p><strong>\u2022 JORNAL ZERO HORA \u2013 GRUPO RBS:<br \/>\n<img loading=\"lazy\" decoding=\"async\" class=\"alignnone wp-image-988\" src=\"http:\/\/alpar.com.co\/blog\/wp-content\/uploads\/JORNAL-ZERO-HORA-\u2013-GRUPO-RBS.png\" alt=\"\" width=\"300\" height=\"445\" srcset=\"https:\/\/alpar.com.co\/blog\/wp-content\/uploads\/JORNAL-ZERO-HORA-\u2013-GRUPO-RBS.png 502w, https:\/\/alpar.com.co\/blog\/wp-content\/uploads\/JORNAL-ZERO-HORA-\u2013-GRUPO-RBS-202x300.png 202w\" sizes=\"(max-width: 300px) 100vw, 300px\" \/> <\/strong><\/p>\n<p><strong><img loading=\"lazy\" decoding=\"async\" class=\"alignnone wp-image-987\" src=\"http:\/\/alpar.com.co\/blog\/wp-content\/uploads\/JORNAL-ZERO-HORA-\u2013-GRUPO-RBS-2.png\" alt=\"\" width=\"300\" height=\"447\" srcset=\"https:\/\/alpar.com.co\/blog\/wp-content\/uploads\/JORNAL-ZERO-HORA-\u2013-GRUPO-RBS-2.png 550w, https:\/\/alpar.com.co\/blog\/wp-content\/uploads\/JORNAL-ZERO-HORA-\u2013-GRUPO-RBS-2-201x300.png 201w\" sizes=\"(max-width: 300px) 100vw, 300px\" \/><br \/>\n<\/strong><\/p>\n<p><strong>\u2022 CORREIO DO POVO \u2013 RECORD:<\/strong><\/p>\n<p><img loading=\"lazy\" decoding=\"async\" class=\"alignnone wp-image-985\" src=\"http:\/\/alpar.com.co\/blog\/wp-content\/uploads\/CORREIO-DO-POVO-\u2013-RECORD-2017.png\" alt=\"\" width=\"300\" height=\"471\" srcset=\"https:\/\/alpar.com.co\/blog\/wp-content\/uploads\/CORREIO-DO-POVO-\u2013-RECORD-2017.png 650w, https:\/\/alpar.com.co\/blog\/wp-content\/uploads\/CORREIO-DO-POVO-\u2013-RECORD-2017-191x300.png 191w\" sizes=\"(max-width: 300px) 100vw, 300px\" \/><\/p>\n<h4><strong>2018 \u2013 CEMIT\u00c9RIO S\u00c3O VICENTE \/ PORTO ALEGRE<\/strong><\/h4>\n<p><strong><br \/>\n\u2022 O SUL \u2013 PAMPA<br \/>\n<img loading=\"lazy\" decoding=\"async\" class=\"alignnone wp-image-989 size-full\" src=\"http:\/\/alpar.com.co\/blog\/wp-content\/uploads\/Prensa-01.png\" alt=\"\" width=\"298\" height=\"580\" srcset=\"https:\/\/alpar.com.co\/blog\/wp-content\/uploads\/Prensa-01.png 298w, https:\/\/alpar.com.co\/blog\/wp-content\/uploads\/Prensa-01-154x300.png 154w\" sizes=\"(max-width: 298px) 100vw, 298px\" \/><br \/>\n<\/strong><\/p>\n<p><strong><br \/>\n\u2022 V\u00cdDEO DC \u2013 GRUPO SINOS:<br \/>\n<\/strong><\/p>\n<p><iframe loading=\"lazy\" width=\"1080\" height=\"810\" src=\"https:\/\/www.youtube.com\/embed\/_S0Rv3GstJ8?feature=oembed\" frameborder=\"0\" allow=\"accelerometer; autoplay; encrypted-media; gyroscope; picture-in-picture\" allowfullscreen><\/iframe><\/p>\n<p><strong><br \/>\n\u2022 DI\u00c1RIO DE CANOAS \u2013 GRUPO SINOS:<\/strong><\/p>\n<p><img loading=\"lazy\" decoding=\"async\" class=\"alignnone wp-image-990\" src=\"http:\/\/alpar.com.co\/blog\/wp-content\/uploads\/Prensa-02.png\" alt=\"\" width=\"300\" height=\"369\" srcset=\"https:\/\/alpar.com.co\/blog\/wp-content\/uploads\/Prensa-02.png 700w, https:\/\/alpar.com.co\/blog\/wp-content\/uploads\/Prensa-02-244x300.png 244w\" sizes=\"(max-width: 300px) 100vw, 300px\" \/><\/p>\n<p><img loading=\"lazy\" decoding=\"async\" class=\"alignnone wp-image-974\" src=\"http:\/\/alpar.com.co\/blog\/wp-content\/uploads\/Prensa-03.png\" alt=\"\" width=\"300\" height=\"370\" srcset=\"https:\/\/alpar.com.co\/blog\/wp-content\/uploads\/Prensa-03.png 700w, https:\/\/alpar.com.co\/blog\/wp-content\/uploads\/Prensa-03-243x300.png 243w\" sizes=\"(max-width: 300px) 100vw, 300px\" \/><\/p>\n","protected":false},"excerpt":{"rendered":"<p>Grupo Cortel, asociado de ALPAR en Brasil, promovi\u00f3 el domingo, 30 de septiembre, en la ciudad de Porto Alegre, la edici\u00f3n 2018 de \u201cEl mundo unido por la vida\u201d, contando con gran participaci\u00f3n de la comunidad local. A trav\u00e9s de la iniciativa, promovida hace tres a\u00f1os en colaboraci\u00f3n con ALPAR, Grupo Cortel busca ampliar la [&hellip;]<\/p>\n","protected":false},"author":106,"featured_media":998,"comment_status":"open","ping_status":"open","sticky":false,"template":"","format":"standard","meta":{"_et_pb_use_builder":"","_et_pb_old_content":"","_et_gb_content_width":"","footnotes":""},"categories":[3],"tags":[],"class_list":["post-973","post","type-post","status-publish","format-standard","has-post-thumbnail","hentry","category-articulos"],"_links":{"self":[{"href":"https:\/\/alpar.com.co\/blog\/wp-json\/wp\/v2\/posts\/973","targetHints":{"allow":["GET"]}}],"collection":[{"href":"https:\/\/alpar.com.co\/blog\/wp-json\/wp\/v2\/posts"}],"about":[{"href":"https:\/\/alpar.com.co\/blog\/wp-json\/wp\/v2\/types\/post"}],"author":[{"embeddable":true,"href":"https:\/\/alpar.com.co\/blog\/wp-json\/wp\/v2\/users\/106"}],"replies":[{"embeddable":true,"href":"https:\/\/alpar.com.co\/blog\/wp-json\/wp\/v2\/comments?post=973"}],"version-history":[{"count":11,"href":"https:\/\/alpar.com.co\/blog\/wp-json\/wp\/v2\/posts\/973\/revisions"}],"predecessor-version":[{"id":1003,"href":"https:\/\/alpar.com.co\/blog\/wp-json\/wp\/v2\/posts\/973\/revisions\/1003"}],"wp:featuredmedia":[{"embeddable":true,"href":"https:\/\/alpar.com.co\/blog\/wp-json\/wp\/v2\/media\/998"}],"wp:attachment":[{"href":"https:\/\/alpar.com.co\/blog\/wp-json\/wp\/v2\/media?parent=973"}],"wp:term":[{"taxonomy":"category","embeddable":true,"href":"https:\/\/alpar.com.co\/blog\/wp-json\/wp\/v2\/categories?post=973"},{"taxonomy":"post_tag","embeddable":true,"href":"https:\/\/alpar.com.co\/blog\/wp-json\/wp\/v2\/tags?post=973"}],"curies":[{"name":"wp","href":"https:\/\/api.w.org\/{rel}","templated":true}]}}